{"id":978,"date":"2021-11-29T06:23:00","date_gmt":"2021-11-29T05:23:00","guid":{"rendered":"https:\/\/tcs-vd.ch\/blog\/?p=978"},"modified":"2021-11-30T14:26:36","modified_gmt":"2021-11-30T13:26:36","slug":"stationnement-pour-personnes-avec-un-handicap","status":"publish","type":"post","link":"https:\/\/tcs-vd.ch\/blog\/2021\/11\/29\/stationnement-pour-personnes-avec-un-handicap\/","title":{"rendered":"Stationnement pour personnes \u00e0 mobilit\u00e9 r\u00e9duite"},"content":{"rendered":"\n<div class=\"wp-block-media-text alignwide is-stacked-on-mobile has-accent-background-color has-background\"><figure class=\"wp-block-media-text__media\"><img data-recalc-dims=\"1\" loading=\"lazy\" decoding=\"async\" width=\"580\" height=\"773\" src=\"https:\/\/i0.wp.com\/tcs-vd.ch\/blog\/wp-content\/uploads\/2021\/11\/IMG20211116151314.jpg?resize=580%2C773&#038;ssl=1\" alt=\"Stationnement pour personnes avec un handicap.\" class=\"wp-image-1010 size-full\" srcset=\"https:\/\/i0.wp.com\/tcs-vd.ch\/blog\/wp-content\/uploads\/2021\/11\/IMG20211116151314-scaled.jpg?resize=768%2C1024&amp;ssl=1 768w, https:\/\/i0.wp.com\/tcs-vd.ch\/blog\/wp-content\/uploads\/2021\/11\/IMG20211116151314-scaled.jpg?resize=225%2C300&amp;ssl=1 225w, https:\/\/i0.wp.com\/tcs-vd.ch\/blog\/wp-content\/uploads\/2021\/11\/IMG20211116151314-scaled.jpg?resize=1152%2C1536&amp;ssl=1 1152w, https:\/\/i0.wp.com\/tcs-vd.ch\/blog\/wp-content\/uploads\/2021\/11\/IMG20211116151314-scaled.jpg?resize=1536%2C2048&amp;ssl=1 1536w, https:\/\/i0.wp.com\/tcs-vd.ch\/blog\/wp-content\/uploads\/2021\/11\/IMG20211116151314-scaled.jpg?resize=1200%2C1600&amp;ssl=1 1200w, https:\/\/i0.wp.com\/tcs-vd.ch\/blog\/wp-content\/uploads\/2021\/11\/IMG20211116151314-scaled.jpg?resize=1980%2C2640&amp;ssl=1 1980w, https:\/\/i0.wp.com\/tcs-vd.ch\/blog\/wp-content\/uploads\/2021\/11\/IMG20211116151314-scaled.jpg?w=1920&amp;ssl=1 1920w, https:\/\/i0.wp.com\/tcs-vd.ch\/blog\/wp-content\/uploads\/2021\/11\/IMG20211116151314-scaled.jpg?w=1740&amp;ssl=1 1740w\" sizes=\"auto, (max-width: 580px) 100vw, 580px\" \/><\/figure><div class=\"wp-block-media-text__content\">\n<h3 class=\"wp-block-heading\">Certaines personnes handicap\u00e9es  peuvent rester mobiles sur la route. Elles doivent respecter des r\u00e8gles, mais elles b\u00e9n\u00e9ficient aussi de certaines facilit\u00e9s.<\/h3>\n<\/div><\/div>\n\n\n\n<h3 class=\"wp-block-heading\">Assurance auto et taxe <\/h3>\n\n\n\n<p>Il faut tout d&rsquo;abord savoir que la majorit\u00e9 des assurances offrent aux personnes touch\u00e9es par un handicap des rabais sur les primes d\u2019assurance auto. Comme les tarifs ne sont pas homog\u00e8nes, n&rsquo;h\u00e9sitez pas \u00e0 demander des offres \u00e0 plusieurs compagnies d\u2019assurances. <\/p>\n\n\n\n<p>Ensuite, dans certains cas, les cantons dispensent partiellement ou enti\u00e8rement les personnes  \u00abinfirmes\u00bb  de la taxe auto. Dans le canton de Vaud, les personnes concern\u00e9es peuvent s&rsquo;adresser au Service des automobiles et de la navigation SAN pour plus de renseignements ou visiter son site internet <a href=\"https:\/\/www.vd.ch\/themes\/mobilite\/automobile\/taxe-sur-les-vehicules-automobiles\/\">ici<\/a>.<\/p>\n\n\n\n<p><\/p>\n\n\n\n<h3 class=\"wp-block-heading\">Cartes de stationnement<\/h3>\n\n\n\n<p>La carte de stationnement est une aide incontestable lorsque l&rsquo;on est touch\u00e9 par un handicap mais que l&rsquo;on peut et que l&rsquo;on souhaite garder sa mobilit\u00e9 sur la route. Dans le canton de Vaud, c&rsquo;est \u00e9galement le SAN qui d\u00e9livre ce document. Cette carte n&rsquo;est pas transmissible. On l&rsquo;utilise pour le d\u00e9placement individuel de la personne handicap\u00e9e ou dans le cadre du transport effectif de personnes handicap\u00e9es moteur. Il faut finalement rappeler que cette carte a une dur\u00e9e limit\u00e9e dans le temps.<\/p>\n\n\n\n<p><\/p>\n\n\n\n<h3 class=\"wp-block-heading\">Autorisations de stationnement<\/h3>\n\n\n\n<p>Concr\u00e8tement, la carte de stationnement autorise \u00e0 garer le v\u00e9hicule pendant une dur\u00e9e illimit\u00e9e sur des places de parc \u00e0 dur\u00e9e limit\u00e9e. <mark class=\"annotation-text annotation-text-yoast\" id=\"annotation-text-832e1810-993b-44ae-a41e-e0aaf67d57c2\"><\/mark>Mais les d\u00e9tentrices et d\u00e9tenteurs de carte de stationnement peuvent aussi:<\/p>\n\n\n\n<ul class=\"wp-block-list\"><li>Stationner 3 heures max. sur des places qui sont signal\u00e9es ou marqu\u00e9es d&rsquo;une interdiction de parquer. Cette autorisation ne s&rsquo;applique n\u00e9anmoins pas sur les sites soumis aux restrictions de parcage au sens de l&rsquo;art. 19, al. 2 \u00e0 4 (ponts, bandes cyclables, etc.), o\u00f9 il est strictement interdit de stationner.<\/li><li>Stationner 2 heures max. dans les zones de rencontre, en dehors des endroits indiqu\u00e9s comme aire de stationnement, et dans les zones pi\u00e9tonnes, lorsque la circulation y est exceptionnellement autoris\u00e9e.<\/li><li>Stationner sur les places surdimensionn\u00e9es.<\/li><\/ul>\n\n\n\n<p><strong>Attention:<\/strong> il arrive que les r\u00e8gles se complexifient. Certaines places de parc pour les personnes \u00e0 mobilit\u00e9 r\u00e9duite ont une dur\u00e9e limit\u00e9e, ce qui va en contradiction avec la r\u00e8gle g\u00e9n\u00e9rale. Une plaquette compl\u00e9mentaire o\u00f9 figure le logo d&rsquo;un fauteuil roulant ainsi que les modalit\u00e9s de restriction  identifie parfois ces places de parc sp\u00e9ciales, comme sur l&rsquo;image ci-dessous.<\/p>\n\n\n\n<figure class=\"wp-block-image size-full\"><img data-recalc-dims=\"1\" loading=\"lazy\" decoding=\"async\" width=\"580\" height=\"435\" src=\"https:\/\/i0.wp.com\/tcs-vd.ch\/blog\/wp-content\/uploads\/2021\/11\/blog-ca-roule-_stationnement-mobilite-reduite.jpg?resize=580%2C435&#038;ssl=1\" alt=\"Autorisations de stationnement pour personnes avec un handicap.\" class=\"wp-image-988\" srcset=\"https:\/\/i0.wp.com\/tcs-vd.ch\/blog\/wp-content\/uploads\/2021\/11\/blog-ca-roule-_stationnement-mobilite-reduite.jpg?w=1000&amp;ssl=1 1000w, https:\/\/i0.wp.com\/tcs-vd.ch\/blog\/wp-content\/uploads\/2021\/11\/blog-ca-roule-_stationnement-mobilite-reduite.jpg?resize=300%2C225&amp;ssl=1 300w, https:\/\/i0.wp.com\/tcs-vd.ch\/blog\/wp-content\/uploads\/2021\/11\/blog-ca-roule-_stationnement-mobilite-reduite.jpg?resize=768%2C576&amp;ssl=1 768w\" sizes=\"auto, (max-width: 580px) 100vw, 580px\" \/><\/figure>\n\n\n\n<p>Enfin, les personnes handicap\u00e9es b\u00e9n\u00e9ficient encore de facilit\u00e9s de stationnement dans les situations suivantes:<\/p>\n\n\n\n<ul class=\"wp-block-list\"><li>Circulation non mise en danger, ni entrav\u00e9e.<\/li><li>Absence de places de stationnement libres et sans limitation de dur\u00e9e dans les environs imm\u00e9diats.<\/li><\/ul>\n\n\n\n<p>Toutes ces mesures ne s&rsquo;appliquent cependant pas aux places de stationnement priv\u00e9es, o\u00f9 il reste interdit de se parquer.<\/p>\n\n\n\n<p><\/p>\n\n\n\n<h3 class=\"wp-block-heading\">Chercher une places de parc<\/h3>\n\n\n\n<p>Sur son site internet, le TCS indique l&#8217;emplacement des aires de stationnement accessibles aux personnes handicap\u00e9es en fauteuil roulant.<\/p>\n\n\n\n<p>Lien vers la page internet du <a href=\"https:\/\/www.tcs.ch\/fr\/tools\/inforoute-situation-trafic\/situation-actuelle-trafic.php\" target=\"_blank\" rel=\"noreferrer noopener\">TCS<\/a><a href=\"https:\/\/www.tcs.ch\/fr\/tools\/inforoute-situation-trafic\/situation-actuelle-trafic.php\"> <\/a><\/p>\n\n\n\n<p>De son c\u00f4t\u00e9, le site <a href=\"https:\/\/www.paramap.ch\/\" target=\"_blank\" rel=\"noreferrer noopener\">paramap.ch<\/a> propose un carte sur laquelle il est possible de localiser les installations accessibles en fauteuil roulant en Suisse (par ex. parkings, h\u00f4tels et distributeurs d&rsquo;argent).<\/p>\n\n\n\n<p>Aujourd&rsquo;hui, il existe environ 10 000 places de parc publiques destin\u00e9es aux personnes handicap\u00e9es, en Suisse.<\/p>\n\n\n\n<p><\/p>\n\n\n\n<h3 class=\"wp-block-heading\">Aides technologiques <\/h3>\n\n\n\n<p>Les personnes touch\u00e9es par un handicap peuvent d\u00e9sormais compter sur la technologie pour les aider \u00e0 circuler dans le trafic. Les v\u00e9hicules modernes disposent en effet d\u2019aides au confort et \u00e0 la s\u00e9curit\u00e9 tr\u00e8s diversifi\u00e9es, qu\u2019on appelle aussi \u00abassistants\u00bb. Ceux-ci peuvent accro\u00eetre le confort et la s\u00e9curit\u00e9, tout en aidant le conducteur \u00e0 ma\u00eetriser des situations de conduite d\u00e9licates.<mark class=\"annotation-text annotation-text-yoast\" id=\"annotation-text-4c0827de-10af-46f9-a644-50ac18c56bd9\"><\/mark> La technique et les possibilit\u00e9s sont aujourd\u2019hui quasi illimit\u00e9s. D\u00e9couvrez les syst\u00e8mes d\u2019assistance en voiture et les possibilit\u00e9s de transformation du v\u00e9hicule dans la nouvelle brochure \u00abMobilit\u00e9 illimit\u00e9e\u00bb \u00e9dit\u00e9e en 2021. <\/p>\n\n\n\n<p>Lien de t\u00e9l\u00e9chargement de cette brochure  <a href=\"https:\/\/www.paramap.ch\/\" target=\"_blank\" rel=\"noreferrer noopener\">\u00abMobilit\u00e9 illimit\u00e9e\u00bb<\/a>.<\/p>\n\n\n\n<p><\/p>\n","protected":false},"excerpt":{"rendered":"<p>Certaines personnes handicap\u00e9es peuvent rester mobiles sur la route. Elles doivent respecter des r\u00e8gles, mais elles b\u00e9n\u00e9ficient aussi de certaines facilit\u00e9s. Assurance auto et taxe Il faut tout d&rsquo;abord savoir que la majorit\u00e9 des assurances offrent aux personnes touch\u00e9es par un handicap des rabais sur les primes d\u2019assurance auto. Comme les tarifs ne sont pas [&hellip;]<\/p>\n","protected":false},"author":4,"featured_media":0,"comment_status":"open","ping_status":"open","sticky":false,"template":"","format":"standard","meta":{"jetpack_post_was_ever_published":false,"_jetpack_newsletter_access":"","_jetpack_dont_email_post_to_subs":false,"_jetpack_newsletter_tier_id":0,"_jetpack_memberships_contains_paywalled_content":false,"_jetpack_memberships_contains_paid_content":false,"footnotes":""},"categories":[6],"tags":[],"class_list":["post-978","post","type-post","status-publish","format-standard","hentry","category-mobilite"],"yoast_head":"<!-- This site is optimized with the Yoast SEO plugin v27.5 - https:\/\/yoast.com\/product\/yoast-seo-wordpress\/ -->\n<title>\u00e7a roule ! &#8226; stationnement pour personnes \u00e0 mobilit\u00e9 r\u00e9duite<\/title>\n<meta name=\"description\" content=\"Les personnes handicap\u00e9es peuvent rester mobiles en respectant certaines r\u00e8gles. Elles b\u00e9n\u00e9ficient aussi de certaines facilit\u00e9s.\" \/>\n<meta name=\"robots\" content=\"index, follow, max-snippet:-1, max-image-preview:large, max-video-preview:-1\" \/>\n<link rel=\"canonical\" href=\"https:\/\/tcs-vd.ch\/blog\/2021\/11\/29\/stationnement-pour-personnes-avec-un-handicap\/\" \/>\n<meta property=\"og:locale\" content=\"fr_FR\" \/>\n<meta property=\"og:type\" content=\"article\" \/>\n<meta property=\"og:title\" content=\"\u00e7a roule ! &#8226; stationnement pour personnes \u00e0 mobilit\u00e9 r\u00e9duite\" \/>\n<meta property=\"og:description\" content=\"Les personnes handicap\u00e9es peuvent rester mobiles en respectant certaines r\u00e8gles. Elles b\u00e9n\u00e9ficient aussi de certaines facilit\u00e9s.\" \/>\n<meta property=\"og:url\" content=\"https:\/\/tcs-vd.ch\/blog\/2021\/11\/29\/stationnement-pour-personnes-avec-un-handicap\/\" \/>\n<meta property=\"og:site_name\" content=\"\u00e7a roule !\" \/>\n<meta property=\"article:publisher\" content=\"https:\/\/www.facebook.com\/TCS.Vaud\/\" \/>\n<meta property=\"article:published_time\" content=\"2021-11-29T05:23:00+00:00\" \/>\n<meta property=\"article:modified_time\" content=\"2021-11-30T13:26:36+00:00\" \/>\n<meta property=\"og:image\" content=\"https:\/\/tcs-vd.ch\/blog\/wp-content\/uploads\/2021\/11\/IMG20211116151314-768x1024.jpg\" \/>\n<meta name=\"author\" content=\"H\u00e9l\u00e8ne Isoz\" \/>\n<meta name=\"twitter:card\" content=\"summary_large_image\" \/>\n<meta name=\"twitter:label1\" content=\"\u00c9crit par\" \/>\n\t<meta name=\"twitter:data1\" content=\"H\u00e9l\u00e8ne Isoz\" \/>\n\t<meta name=\"twitter:label2\" content=\"Dur\u00e9e de lecture estim\u00e9e\" \/>\n\t<meta name=\"twitter:data2\" content=\"4 minutes\" \/>\n<script type=\"application\/ld+json\" class=\"yoast-schema-graph\">{\"@context\":\"https:\\\/\\\/schema.org\",\"@graph\":[{\"@type\":\"Article\",\"@id\":\"https:\\\/\\\/tcs-vd.ch\\\/blog\\\/2021\\\/11\\\/29\\\/stationnement-pour-personnes-avec-un-handicap\\\/#article\",\"isPartOf\":{\"@id\":\"https:\\\/\\\/tcs-vd.ch\\\/blog\\\/2021\\\/11\\\/29\\\/stationnement-pour-personnes-avec-un-handicap\\\/\"},\"author\":{\"name\":\"H\u00e9l\u00e8ne Isoz\",\"@id\":\"https:\\\/\\\/tcs-vd.ch\\\/blog\\\/#\\\/schema\\\/person\\\/05a6a2d1d05449dc5b8196492ea5429e\"},\"headline\":\"Stationnement pour personnes \u00e0 mobilit\u00e9 r\u00e9duite\",\"datePublished\":\"2021-11-29T05:23:00+00:00\",\"dateModified\":\"2021-11-30T13:26:36+00:00\",\"mainEntityOfPage\":{\"@id\":\"https:\\\/\\\/tcs-vd.ch\\\/blog\\\/2021\\\/11\\\/29\\\/stationnement-pour-personnes-avec-un-handicap\\\/\"},\"wordCount\":698,\"commentCount\":0,\"publisher\":{\"@id\":\"https:\\\/\\\/tcs-vd.ch\\\/blog\\\/#organization\"},\"image\":{\"@id\":\"https:\\\/\\\/tcs-vd.ch\\\/blog\\\/2021\\\/11\\\/29\\\/stationnement-pour-personnes-avec-un-handicap\\\/#primaryimage\"},\"thumbnailUrl\":\"https:\\\/\\\/tcs-vd.ch\\\/blog\\\/wp-content\\\/uploads\\\/2021\\\/11\\\/IMG20211116151314-768x1024.jpg\",\"articleSection\":[\"Mobilit\u00e9\"],\"inLanguage\":\"fr-FR\",\"potentialAction\":[{\"@type\":\"CommentAction\",\"name\":\"Comment\",\"target\":[\"https:\\\/\\\/tcs-vd.ch\\\/blog\\\/2021\\\/11\\\/29\\\/stationnement-pour-personnes-avec-un-handicap\\\/#respond\"]}]},{\"@type\":\"WebPage\",\"@id\":\"https:\\\/\\\/tcs-vd.ch\\\/blog\\\/2021\\\/11\\\/29\\\/stationnement-pour-personnes-avec-un-handicap\\\/\",\"url\":\"https:\\\/\\\/tcs-vd.ch\\\/blog\\\/2021\\\/11\\\/29\\\/stationnement-pour-personnes-avec-un-handicap\\\/\",\"name\":\"\u00e7a roule ! &#8226; stationnement pour personnes \u00e0 mobilit\u00e9 r\u00e9duite\",\"isPartOf\":{\"@id\":\"https:\\\/\\\/tcs-vd.ch\\\/blog\\\/#website\"},\"primaryImageOfPage\":{\"@id\":\"https:\\\/\\\/tcs-vd.ch\\\/blog\\\/2021\\\/11\\\/29\\\/stationnement-pour-personnes-avec-un-handicap\\\/#primaryimage\"},\"image\":{\"@id\":\"https:\\\/\\\/tcs-vd.ch\\\/blog\\\/2021\\\/11\\\/29\\\/stationnement-pour-personnes-avec-un-handicap\\\/#primaryimage\"},\"thumbnailUrl\":\"https:\\\/\\\/tcs-vd.ch\\\/blog\\\/wp-content\\\/uploads\\\/2021\\\/11\\\/IMG20211116151314-768x1024.jpg\",\"datePublished\":\"2021-11-29T05:23:00+00:00\",\"dateModified\":\"2021-11-30T13:26:36+00:00\",\"description\":\"Les personnes handicap\u00e9es peuvent rester mobiles en respectant certaines r\u00e8gles. Elles b\u00e9n\u00e9ficient aussi de certaines facilit\u00e9s.\",\"breadcrumb\":{\"@id\":\"https:\\\/\\\/tcs-vd.ch\\\/blog\\\/2021\\\/11\\\/29\\\/stationnement-pour-personnes-avec-un-handicap\\\/#breadcrumb\"},\"inLanguage\":\"fr-FR\",\"potentialAction\":[{\"@type\":\"ReadAction\",\"target\":[\"https:\\\/\\\/tcs-vd.ch\\\/blog\\\/2021\\\/11\\\/29\\\/stationnement-pour-personnes-avec-un-handicap\\\/\"]}]},{\"@type\":\"ImageObject\",\"inLanguage\":\"fr-FR\",\"@id\":\"https:\\\/\\\/tcs-vd.ch\\\/blog\\\/2021\\\/11\\\/29\\\/stationnement-pour-personnes-avec-un-handicap\\\/#primaryimage\",\"url\":\"https:\\\/\\\/i0.wp.com\\\/tcs-vd.ch\\\/blog\\\/wp-content\\\/uploads\\\/2021\\\/11\\\/IMG20211116151314-scaled.jpg?fit=1920%2C2560&ssl=1\",\"contentUrl\":\"https:\\\/\\\/i0.wp.com\\\/tcs-vd.ch\\\/blog\\\/wp-content\\\/uploads\\\/2021\\\/11\\\/IMG20211116151314-scaled.jpg?fit=1920%2C2560&ssl=1\",\"width\":1920,\"height\":2560},{\"@type\":\"BreadcrumbList\",\"@id\":\"https:\\\/\\\/tcs-vd.ch\\\/blog\\\/2021\\\/11\\\/29\\\/stationnement-pour-personnes-avec-un-handicap\\\/#breadcrumb\",\"itemListElement\":[{\"@type\":\"ListItem\",\"position\":1,\"name\":\"Accueil\",\"item\":\"https:\\\/\\\/tcs-vd.ch\\\/blog\\\/\"},{\"@type\":\"ListItem\",\"position\":2,\"name\":\"Stationnement pour personnes \u00e0 mobilit\u00e9 r\u00e9duite\"}]},{\"@type\":\"WebSite\",\"@id\":\"https:\\\/\\\/tcs-vd.ch\\\/blog\\\/#website\",\"url\":\"https:\\\/\\\/tcs-vd.ch\\\/blog\\\/\",\"name\":\"blog du TCS Vaud\",\"description\":\"Section vaudoise -Blog \",\"publisher\":{\"@id\":\"https:\\\/\\\/tcs-vd.ch\\\/blog\\\/#organization\"},\"potentialAction\":[{\"@type\":\"SearchAction\",\"target\":{\"@type\":\"EntryPoint\",\"urlTemplate\":\"https:\\\/\\\/tcs-vd.ch\\\/blog\\\/?s={search_term_string}\"},\"query-input\":{\"@type\":\"PropertyValueSpecification\",\"valueRequired\":true,\"valueName\":\"search_term_string\"}}],\"inLanguage\":\"fr-FR\"},{\"@type\":\"Organization\",\"@id\":\"https:\\\/\\\/tcs-vd.ch\\\/blog\\\/#organization\",\"name\":\"TCS Vaud\",\"url\":\"https:\\\/\\\/tcs-vd.ch\\\/blog\\\/\",\"logo\":{\"@type\":\"ImageObject\",\"inLanguage\":\"fr-FR\",\"@id\":\"https:\\\/\\\/tcs-vd.ch\\\/blog\\\/#\\\/schema\\\/logo\\\/image\\\/\",\"url\":\"https:\\\/\\\/tcs-vd.ch\\\/blog\\\/wp-content\\\/uploads\\\/2021\\\/08\\\/Blog-TCS-Vaud-1-edited.jpg\",\"contentUrl\":\"https:\\\/\\\/tcs-vd.ch\\\/blog\\\/wp-content\\\/uploads\\\/2021\\\/08\\\/Blog-TCS-Vaud-1-edited.jpg\",\"width\":800,\"height\":534,\"caption\":\"TCS Vaud\"},\"image\":{\"@id\":\"https:\\\/\\\/tcs-vd.ch\\\/blog\\\/#\\\/schema\\\/logo\\\/image\\\/\"},\"sameAs\":[\"https:\\\/\\\/www.facebook.com\\\/TCS.Vaud\\\/\",\"https:\\\/\\\/www.instagram.com\\\/tcssectionvaudoise\",\"https:\\\/\\\/www.linkedin.com\\\/company\\\/tcs-section-vaudoise\"]},{\"@type\":\"Person\",\"@id\":\"https:\\\/\\\/tcs-vd.ch\\\/blog\\\/#\\\/schema\\\/person\\\/05a6a2d1d05449dc5b8196492ea5429e\",\"name\":\"H\u00e9l\u00e8ne Isoz\",\"image\":{\"@type\":\"ImageObject\",\"inLanguage\":\"fr-FR\",\"@id\":\"https:\\\/\\\/secure.gravatar.com\\\/avatar\\\/5623182aa1a837f66d52e7f476f5e3f187fd57ceb738849f8da8e6aa6e777ecd?s=96&d=mm&r=g\",\"url\":\"https:\\\/\\\/secure.gravatar.com\\\/avatar\\\/5623182aa1a837f66d52e7f476f5e3f187fd57ceb738849f8da8e6aa6e777ecd?s=96&d=mm&r=g\",\"contentUrl\":\"https:\\\/\\\/secure.gravatar.com\\\/avatar\\\/5623182aa1a837f66d52e7f476f5e3f187fd57ceb738849f8da8e6aa6e777ecd?s=96&d=mm&r=g\",\"caption\":\"H\u00e9l\u00e8ne Isoz\"},\"sameAs\":[\"https:\\\/\\\/www.tcs-vd.ch\\\/blog\"],\"url\":\"https:\\\/\\\/tcs-vd.ch\\\/blog\\\/author\\\/helene\\\/\"}]}<\/script>\n<!-- \/ Yoast SEO plugin. -->","yoast_head_json":{"title":"\u00e7a roule ! &#8226; stationnement pour personnes \u00e0 mobilit\u00e9 r\u00e9duite","description":"Les personnes handicap\u00e9es peuvent rester mobiles en respectant certaines r\u00e8gles. Elles b\u00e9n\u00e9ficient aussi de certaines facilit\u00e9s.","robots":{"index":"index","follow":"follow","max-snippet":"max-snippet:-1","max-image-preview":"max-image-preview:large","max-video-preview":"max-video-preview:-1"},"canonical":"https:\/\/tcs-vd.ch\/blog\/2021\/11\/29\/stationnement-pour-personnes-avec-un-handicap\/","og_locale":"fr_FR","og_type":"article","og_title":"\u00e7a roule ! &#8226; stationnement pour personnes \u00e0 mobilit\u00e9 r\u00e9duite","og_description":"Les personnes handicap\u00e9es peuvent rester mobiles en respectant certaines r\u00e8gles. Elles b\u00e9n\u00e9ficient aussi de certaines facilit\u00e9s.","og_url":"https:\/\/tcs-vd.ch\/blog\/2021\/11\/29\/stationnement-pour-personnes-avec-un-handicap\/","og_site_name":"\u00e7a roule !","article_publisher":"https:\/\/www.facebook.com\/TCS.Vaud\/","article_published_time":"2021-11-29T05:23:00+00:00","article_modified_time":"2021-11-30T13:26:36+00:00","og_image":[{"url":"https:\/\/tcs-vd.ch\/blog\/wp-content\/uploads\/2021\/11\/IMG20211116151314-768x1024.jpg","type":"","width":"","height":""}],"author":"H\u00e9l\u00e8ne Isoz","twitter_card":"summary_large_image","twitter_misc":{"\u00c9crit par":"H\u00e9l\u00e8ne Isoz","Dur\u00e9e de lecture estim\u00e9e":"4 minutes"},"schema":{"@context":"https:\/\/schema.org","@graph":[{"@type":"Article","@id":"https:\/\/tcs-vd.ch\/blog\/2021\/11\/29\/stationnement-pour-personnes-avec-un-handicap\/#article","isPartOf":{"@id":"https:\/\/tcs-vd.ch\/blog\/2021\/11\/29\/stationnement-pour-personnes-avec-un-handicap\/"},"author":{"name":"H\u00e9l\u00e8ne Isoz","@id":"https:\/\/tcs-vd.ch\/blog\/#\/schema\/person\/05a6a2d1d05449dc5b8196492ea5429e"},"headline":"Stationnement pour personnes \u00e0 mobilit\u00e9 r\u00e9duite","datePublished":"2021-11-29T05:23:00+00:00","dateModified":"2021-11-30T13:26:36+00:00","mainEntityOfPage":{"@id":"https:\/\/tcs-vd.ch\/blog\/2021\/11\/29\/stationnement-pour-personnes-avec-un-handicap\/"},"wordCount":698,"commentCount":0,"publisher":{"@id":"https:\/\/tcs-vd.ch\/blog\/#organization"},"image":{"@id":"https:\/\/tcs-vd.ch\/blog\/2021\/11\/29\/stationnement-pour-personnes-avec-un-handicap\/#primaryimage"},"thumbnailUrl":"https:\/\/tcs-vd.ch\/blog\/wp-content\/uploads\/2021\/11\/IMG20211116151314-768x1024.jpg","articleSection":["Mobilit\u00e9"],"inLanguage":"fr-FR","potentialAction":[{"@type":"CommentAction","name":"Comment","target":["https:\/\/tcs-vd.ch\/blog\/2021\/11\/29\/stationnement-pour-personnes-avec-un-handicap\/#respond"]}]},{"@type":"WebPage","@id":"https:\/\/tcs-vd.ch\/blog\/2021\/11\/29\/stationnement-pour-personnes-avec-un-handicap\/","url":"https:\/\/tcs-vd.ch\/blog\/2021\/11\/29\/stationnement-pour-personnes-avec-un-handicap\/","name":"\u00e7a roule ! &#8226; stationnement pour personnes \u00e0 mobilit\u00e9 r\u00e9duite","isPartOf":{"@id":"https:\/\/tcs-vd.ch\/blog\/#website"},"primaryImageOfPage":{"@id":"https:\/\/tcs-vd.ch\/blog\/2021\/11\/29\/stationnement-pour-personnes-avec-un-handicap\/#primaryimage"},"image":{"@id":"https:\/\/tcs-vd.ch\/blog\/2021\/11\/29\/stationnement-pour-personnes-avec-un-handicap\/#primaryimage"},"thumbnailUrl":"https:\/\/tcs-vd.ch\/blog\/wp-content\/uploads\/2021\/11\/IMG20211116151314-768x1024.jpg","datePublished":"2021-11-29T05:23:00+00:00","dateModified":"2021-11-30T13:26:36+00:00","description":"Les personnes handicap\u00e9es peuvent rester mobiles en respectant certaines r\u00e8gles. Elles b\u00e9n\u00e9ficient aussi de certaines facilit\u00e9s.","breadcrumb":{"@id":"https:\/\/tcs-vd.ch\/blog\/2021\/11\/29\/stationnement-pour-personnes-avec-un-handicap\/#breadcrumb"},"inLanguage":"fr-FR","potentialAction":[{"@type":"ReadAction","target":["https:\/\/tcs-vd.ch\/blog\/2021\/11\/29\/stationnement-pour-personnes-avec-un-handicap\/"]}]},{"@type":"ImageObject","inLanguage":"fr-FR","@id":"https:\/\/tcs-vd.ch\/blog\/2021\/11\/29\/stationnement-pour-personnes-avec-un-handicap\/#primaryimage","url":"https:\/\/i0.wp.com\/tcs-vd.ch\/blog\/wp-content\/uploads\/2021\/11\/IMG20211116151314-scaled.jpg?fit=1920%2C2560&ssl=1","contentUrl":"https:\/\/i0.wp.com\/tcs-vd.ch\/blog\/wp-content\/uploads\/2021\/11\/IMG20211116151314-scaled.jpg?fit=1920%2C2560&ssl=1","width":1920,"height":2560},{"@type":"BreadcrumbList","@id":"https:\/\/tcs-vd.ch\/blog\/2021\/11\/29\/stationnement-pour-personnes-avec-un-handicap\/#breadcrumb","itemListElement":[{"@type":"ListItem","position":1,"name":"Accueil","item":"https:\/\/tcs-vd.ch\/blog\/"},{"@type":"ListItem","position":2,"name":"Stationnement pour personnes \u00e0 mobilit\u00e9 r\u00e9duite"}]},{"@type":"WebSite","@id":"https:\/\/tcs-vd.ch\/blog\/#website","url":"https:\/\/tcs-vd.ch\/blog\/","name":"blog du TCS Vaud","description":"Section vaudoise -Blog ","publisher":{"@id":"https:\/\/tcs-vd.ch\/blog\/#organization"},"potentialAction":[{"@type":"SearchAction","target":{"@type":"EntryPoint","urlTemplate":"https:\/\/tcs-vd.ch\/blog\/?s={search_term_string}"},"query-input":{"@type":"PropertyValueSpecification","valueRequired":true,"valueName":"search_term_string"}}],"inLanguage":"fr-FR"},{"@type":"Organization","@id":"https:\/\/tcs-vd.ch\/blog\/#organization","name":"TCS Vaud","url":"https:\/\/tcs-vd.ch\/blog\/","logo":{"@type":"ImageObject","inLanguage":"fr-FR","@id":"https:\/\/tcs-vd.ch\/blog\/#\/schema\/logo\/image\/","url":"https:\/\/tcs-vd.ch\/blog\/wp-content\/uploads\/2021\/08\/Blog-TCS-Vaud-1-edited.jpg","contentUrl":"https:\/\/tcs-vd.ch\/blog\/wp-content\/uploads\/2021\/08\/Blog-TCS-Vaud-1-edited.jpg","width":800,"height":534,"caption":"TCS Vaud"},"image":{"@id":"https:\/\/tcs-vd.ch\/blog\/#\/schema\/logo\/image\/"},"sameAs":["https:\/\/www.facebook.com\/TCS.Vaud\/","https:\/\/www.instagram.com\/tcssectionvaudoise","https:\/\/www.linkedin.com\/company\/tcs-section-vaudoise"]},{"@type":"Person","@id":"https:\/\/tcs-vd.ch\/blog\/#\/schema\/person\/05a6a2d1d05449dc5b8196492ea5429e","name":"H\u00e9l\u00e8ne Isoz","image":{"@type":"ImageObject","inLanguage":"fr-FR","@id":"https:\/\/secure.gravatar.com\/avatar\/5623182aa1a837f66d52e7f476f5e3f187fd57ceb738849f8da8e6aa6e777ecd?s=96&d=mm&r=g","url":"https:\/\/secure.gravatar.com\/avatar\/5623182aa1a837f66d52e7f476f5e3f187fd57ceb738849f8da8e6aa6e777ecd?s=96&d=mm&r=g","contentUrl":"https:\/\/secure.gravatar.com\/avatar\/5623182aa1a837f66d52e7f476f5e3f187fd57ceb738849f8da8e6aa6e777ecd?s=96&d=mm&r=g","caption":"H\u00e9l\u00e8ne Isoz"},"sameAs":["https:\/\/www.tcs-vd.ch\/blog"],"url":"https:\/\/tcs-vd.ch\/blog\/author\/helene\/"}]}},"jetpack_featured_media_url":"","jetpack_sharing_enabled":true,"_links":{"self":[{"href":"https:\/\/tcs-vd.ch\/blog\/wp-json\/wp\/v2\/posts\/978","targetHints":{"allow":["GET"]}}],"collection":[{"href":"https:\/\/tcs-vd.ch\/blog\/wp-json\/wp\/v2\/posts"}],"about":[{"href":"https:\/\/tcs-vd.ch\/blog\/wp-json\/wp\/v2\/types\/post"}],"author":[{"embeddable":true,"href":"https:\/\/tcs-vd.ch\/blog\/wp-json\/wp\/v2\/users\/4"}],"replies":[{"embeddable":true,"href":"https:\/\/tcs-vd.ch\/blog\/wp-json\/wp\/v2\/comments?post=978"}],"version-history":[{"count":42,"href":"https:\/\/tcs-vd.ch\/blog\/wp-json\/wp\/v2\/posts\/978\/revisions"}],"predecessor-version":[{"id":1186,"href":"https:\/\/tcs-vd.ch\/blog\/wp-json\/wp\/v2\/posts\/978\/revisions\/1186"}],"wp:attachment":[{"href":"https:\/\/tcs-vd.ch\/blog\/wp-json\/wp\/v2\/media?parent=978"}],"wp:term":[{"taxonomy":"category","embeddable":true,"href":"https:\/\/tcs-vd.ch\/blog\/wp-json\/wp\/v2\/categories?post=978"},{"taxonomy":"post_tag","embeddable":true,"href":"https:\/\/tcs-vd.ch\/blog\/wp-json\/wp\/v2\/tags?post=978"}],"curies":[{"name":"wp","href":"https:\/\/api.w.org\/{rel}","templated":true}]}}