{"id":5233,"date":"2025-12-16T09:00:00","date_gmt":"2025-12-16T08:00:00","guid":{"rendered":"https:\/\/tcs-vd.ch\/blog\/?p=5233"},"modified":"2025-12-15T15:07:13","modified_gmt":"2025-12-15T14:07:13","slug":"vue-plongeante-sur-le-leman","status":"publish","type":"post","link":"https:\/\/tcs-vd.ch\/blog\/2025\/12\/16\/vue-plongeante-sur-le-leman\/","title":{"rendered":"Vue plongeante sur le L\u00e9man"},"content":{"rendered":"\n<figure class=\"wp-block-image size-large\"><img data-recalc-dims=\"1\" loading=\"lazy\" decoding=\"async\" width=\"580\" height=\"435\" src=\"https:\/\/i0.wp.com\/tcs-vd.ch\/blog\/wp-content\/uploads\/2025\/11\/image00001.jpeg?resize=580%2C435&#038;ssl=1\" alt=\"\" class=\"wp-image-5246\" srcset=\"https:\/\/i0.wp.com\/tcs-vd.ch\/blog\/wp-content\/uploads\/2025\/11\/image00001-scaled.jpeg?resize=1024%2C768&amp;ssl=1 1024w, https:\/\/i0.wp.com\/tcs-vd.ch\/blog\/wp-content\/uploads\/2025\/11\/image00001-scaled.jpeg?resize=300%2C225&amp;ssl=1 300w, https:\/\/i0.wp.com\/tcs-vd.ch\/blog\/wp-content\/uploads\/2025\/11\/image00001-scaled.jpeg?resize=768%2C576&amp;ssl=1 768w, https:\/\/i0.wp.com\/tcs-vd.ch\/blog\/wp-content\/uploads\/2025\/11\/image00001-scaled.jpeg?resize=1536%2C1152&amp;ssl=1 1536w, https:\/\/i0.wp.com\/tcs-vd.ch\/blog\/wp-content\/uploads\/2025\/11\/image00001-scaled.jpeg?resize=2048%2C1536&amp;ssl=1 2048w, https:\/\/i0.wp.com\/tcs-vd.ch\/blog\/wp-content\/uploads\/2025\/11\/image00001-scaled.jpeg?resize=1200%2C900&amp;ssl=1 1200w, https:\/\/i0.wp.com\/tcs-vd.ch\/blog\/wp-content\/uploads\/2025\/11\/image00001-scaled.jpeg?resize=1980%2C1485&amp;ssl=1 1980w, https:\/\/i0.wp.com\/tcs-vd.ch\/blog\/wp-content\/uploads\/2025\/11\/image00001-scaled.jpeg?w=1740&amp;ssl=1 1740w\" sizes=\"auto, (max-width: 580px) 100vw, 580px\" \/><figcaption class=\"wp-element-caption\">Le ciel embrase la campagne congel\u00e9e. Le L\u00e9man semble flotter dans une ouate bleut\u00e9e. Comme un bain nordique qui soufflerait sa vapeur pour r\u00e9chauffer nos pieds gourds.<\/figcaption><\/figure>\n\n\n\n<h4 class=\"wp-block-heading\">La p\u00e9riode est propice \u00e0 la contemplation et \u00e0 l&rsquo;\u00e9merveillement. Nous vous proposons quelques lieux d&rsquo;exception, po\u00e9tiques, conviviaux, originaux ou ludiques, pour observer le bleu L\u00e9man.<\/h4>\n\n\n\n<p>Bien s\u00fbr, les points de vue d&rsquo;exception, po\u00e9tiques, conviviaux, originaux ou ludiques, pour observer le bleu L\u00e9man sont multiples. La liste est vaste. Les hauteurs varient et les lumi\u00e8res, toujours, changent. Voici pourtant nos quelques favoris. N&rsquo;h\u00e9sitez pas \u00e0 nous glisser les v\u00f4tres en commentaires et faisons de chaque jour une f\u00eate. Celle de la contemplation et de la reconnaissance: la nature est magique et nous avons tant de chance de vivre ici!<\/p>\n\n\n\n<h4 class=\"wp-block-heading\"><mark style=\"background-color:rgba(0, 0, 0, 0)\" class=\"has-inline-color has-accent-color\">Le traditionnel<\/mark><\/h4>\n\n\n\n<h2 class=\"wp-block-heading\"><mark style=\"background-color:#e02862\" class=\"has-inline-color has-background-color\">La Tour de Gourze<\/mark><\/h2>\n\n\n\n<figure class=\"wp-block-image size-full\"><img data-recalc-dims=\"1\" loading=\"lazy\" decoding=\"async\" width=\"580\" height=\"604\" src=\"https:\/\/i0.wp.com\/tcs-vd.ch\/blog\/wp-content\/uploads\/2025\/11\/thumbnail_IMG_5838.jpg?resize=580%2C604&#038;ssl=1\" alt=\"\" class=\"wp-image-5257\" srcset=\"https:\/\/i0.wp.com\/tcs-vd.ch\/blog\/wp-content\/uploads\/2025\/11\/thumbnail_IMG_5838.jpg?w=1132&amp;ssl=1 1132w, https:\/\/i0.wp.com\/tcs-vd.ch\/blog\/wp-content\/uploads\/2025\/11\/thumbnail_IMG_5838.jpg?resize=288%2C300&amp;ssl=1 288w, https:\/\/i0.wp.com\/tcs-vd.ch\/blog\/wp-content\/uploads\/2025\/11\/thumbnail_IMG_5838.jpg?resize=984%2C1024&amp;ssl=1 984w, https:\/\/i0.wp.com\/tcs-vd.ch\/blog\/wp-content\/uploads\/2025\/11\/thumbnail_IMG_5838.jpg?resize=768%2C799&amp;ssl=1 768w\" sizes=\"auto, (max-width: 580px) 100vw, 580px\" \/><figcaption class=\"wp-element-caption\">Il fait toujours beau au-dessus des nuages&#8230; Photo: instagram tourdegourze<\/figcaption><\/figure>\n\n\n\n<p>On ne sait-y pas bien de quand \u00e7a date, <a href=\"https:\/\/www.gourze.ch\/\">c&rsquo;te affaire<\/a>! D&rsquo;apr\u00e8s les premiers documents, la Tour serait une cr\u00e9ation de la reine Berthe pour prot\u00e9ger le Lavaux des invasions sarrasines. Ou alors un projet sign\u00e9 des \u00e9v\u00eaques de Lausanne, \u00e0 la fin du 11\u00e8me si\u00e8cle. En tous cas, il para\u00eet que la premi\u00e8re mention date de 1279, sous le nom de Castrum Gurzi. La suite, est une longue s\u00e9rie de possessions, incendie, r\u00e9novations et d\u00e9clins. Aujourd&rsquo;hui, l&rsquo;\u00e9difice est un classique. Un must pour les touristes de passage et les autochtones nostalgiques. La vue est \u00e0 couper le souffle. On redevient un bambin. On simule le plongeon dans l&rsquo;eau, l\u00e0-bas, tout en bas. Pour les gourmands, on peut aussi s&rsquo;y restaurer, \u00e9t\u00e9 comme hiver, d&rsquo;une fondue. R\u00e9servations archi-conseill\u00e9es par t\u00e9l\u00e9phone, au &nbsp;021 781 14 74.<\/p>\n\n\n\n<p><strong><mark style=\"background-color:#e02862\" class=\"has-inline-color has-background-color\">Y acc\u00e9der:<\/mark><\/strong><\/p>\n\n\n\n<p>Le Mont de Gourze se trouve sur&nbsp;les communes&nbsp;de Bourg-en-Lavaux (Riex)&nbsp;et Forel (Lavaux). A 20 minutes de Lausanne et de Vevey. On y acc\u00e8de \u00e0 pieds pour les braves. En voiture pour les mous et les conducteurs de 4&#215;4 d\u00e9nu\u00e9s de vertige. La route est \u00e9troite mais goudronn\u00e9e. Courage, on y est presque!<\/p>\n\n\n\n<h4 class=\"wp-block-heading\"><mark style=\"background-color:rgba(0, 0, 0, 0)\" class=\"has-inline-color has-accent-color\">L&rsquo;historique<\/mark><\/h4>\n\n\n\n<h2 class=\"wp-block-heading\"><mark style=\"background-color:#e02862\" class=\"has-inline-color has-background-color\">La place d&rsquo;Armes de Cully<\/mark><\/h2>\n\n\n\n<figure class=\"wp-block-image size-large\"><img data-recalc-dims=\"1\" loading=\"lazy\" decoding=\"async\" width=\"580\" height=\"387\" src=\"https:\/\/i0.wp.com\/tcs-vd.ch\/blog\/wp-content\/uploads\/2025\/11\/JN3A4177.jpeg?resize=580%2C387&#038;ssl=1\" alt=\"\" class=\"wp-image-5295\" srcset=\"https:\/\/i0.wp.com\/tcs-vd.ch\/blog\/wp-content\/uploads\/2025\/11\/JN3A4177-scaled.jpeg?resize=1024%2C683&amp;ssl=1 1024w, https:\/\/i0.wp.com\/tcs-vd.ch\/blog\/wp-content\/uploads\/2025\/11\/JN3A4177-scaled.jpeg?resize=300%2C200&amp;ssl=1 300w, https:\/\/i0.wp.com\/tcs-vd.ch\/blog\/wp-content\/uploads\/2025\/11\/JN3A4177-scaled.jpeg?resize=768%2C512&amp;ssl=1 768w, https:\/\/i0.wp.com\/tcs-vd.ch\/blog\/wp-content\/uploads\/2025\/11\/JN3A4177-scaled.jpeg?resize=1536%2C1024&amp;ssl=1 1536w, https:\/\/i0.wp.com\/tcs-vd.ch\/blog\/wp-content\/uploads\/2025\/11\/JN3A4177-scaled.jpeg?resize=2048%2C1365&amp;ssl=1 2048w, https:\/\/i0.wp.com\/tcs-vd.ch\/blog\/wp-content\/uploads\/2025\/11\/JN3A4177-scaled.jpeg?resize=1200%2C800&amp;ssl=1 1200w, https:\/\/i0.wp.com\/tcs-vd.ch\/blog\/wp-content\/uploads\/2025\/11\/JN3A4177-scaled.jpeg?resize=1980%2C1320&amp;ssl=1 1980w, https:\/\/i0.wp.com\/tcs-vd.ch\/blog\/wp-content\/uploads\/2025\/11\/JN3A4177-scaled.jpeg?w=1740&amp;ssl=1 1740w\" sizes=\"auto, (max-width: 580px) 100vw, 580px\" \/><figcaption class=\"wp-element-caption\">Toucher le lac du bout des doigts, \u00e0 Cully, et pourquoi pas assis \u00e0 la terrasse du Major Davel! Photo: Jean-Yves Cavin<\/figcaption><\/figure>\n\n\n\n<p>Pile sous le platane majestueux de 1798. \u00c9ventuellement assis \u00e0 la terrasse du <a href=\"https:\/\/major-davel.ch\/\">Major Davel<\/a>. Face aux mille reflets du lac. Pas l&rsquo;ombre d&rsquo;une voiture, juste quelques mouettes, leurs potes moineaux et les jeux des enfants qui piaillent un rien plus loin. Voil\u00e0 de quoi contempler l&rsquo;avenir et le L\u00e9man, en pensant \u00e0 l&rsquo;ind\u00e9pendance vaudoise&#8230;<\/p>\n\n\n\n<p><strong><mark style=\"background-color:#e02862\" class=\"has-inline-color has-background-color\">Y acc\u00e9der:<\/mark><\/strong><\/p>\n\n\n\n<p>Sur les quais de Cully. Difficile de faire plus simple. <\/p>\n\n\n\n<h4 class=\"wp-block-heading\"><mark style=\"background-color:rgba(0, 0, 0, 0)\" class=\"has-inline-color has-accent-color\">Le confidentiel<\/mark><\/h4>\n\n\n\n<h2 class=\"wp-block-heading\"><mark style=\"background-color:#e02862\" class=\"has-inline-color has-background-color\">La Buvette du PEL<\/mark><\/h2>\n\n\n\n<figure class=\"wp-block-image size-large\"><img data-recalc-dims=\"1\" loading=\"lazy\" decoding=\"async\" width=\"580\" height=\"435\" src=\"https:\/\/i0.wp.com\/tcs-vd.ch\/blog\/wp-content\/uploads\/2025\/11\/IMG_5792.jpeg?resize=580%2C435&#038;ssl=1\" alt=\"\" class=\"wp-image-5258\" srcset=\"https:\/\/i0.wp.com\/tcs-vd.ch\/blog\/wp-content\/uploads\/2025\/11\/IMG_5792-scaled.jpeg?resize=1024%2C768&amp;ssl=1 1024w, https:\/\/i0.wp.com\/tcs-vd.ch\/blog\/wp-content\/uploads\/2025\/11\/IMG_5792-scaled.jpeg?resize=300%2C225&amp;ssl=1 300w, https:\/\/i0.wp.com\/tcs-vd.ch\/blog\/wp-content\/uploads\/2025\/11\/IMG_5792-scaled.jpeg?resize=768%2C576&amp;ssl=1 768w, https:\/\/i0.wp.com\/tcs-vd.ch\/blog\/wp-content\/uploads\/2025\/11\/IMG_5792-scaled.jpeg?resize=1536%2C1152&amp;ssl=1 1536w, https:\/\/i0.wp.com\/tcs-vd.ch\/blog\/wp-content\/uploads\/2025\/11\/IMG_5792-scaled.jpeg?resize=2048%2C1536&amp;ssl=1 2048w, https:\/\/i0.wp.com\/tcs-vd.ch\/blog\/wp-content\/uploads\/2025\/11\/IMG_5792-scaled.jpeg?resize=1200%2C900&amp;ssl=1 1200w, https:\/\/i0.wp.com\/tcs-vd.ch\/blog\/wp-content\/uploads\/2025\/11\/IMG_5792-scaled.jpeg?resize=1980%2C1485&amp;ssl=1 1980w, https:\/\/i0.wp.com\/tcs-vd.ch\/blog\/wp-content\/uploads\/2025\/11\/IMG_5792-scaled.jpeg?w=1740&amp;ssl=1 1740w\" sizes=\"auto, (max-width: 580px) 100vw, 580px\" \/><figcaption class=\"wp-element-caption\">Des tables en panneaux solaires et le coucher de l&rsquo;astre, pile dans le mille!<\/figcaption><\/figure>\n\n\n\n<p>On peut \u00eatre du coin et le chercher. Ne pas savoir, d\u00e9couvrir ce lieu et se dire que vraaaaaiiiiment, on vit dans un pays zinzin. Bourr\u00e9 de recoins fascinants, d&rsquo;initiatives po\u00e9tiques et de confiance. Bienvenue \u00e0 la Buvette de poche du PEL. Le concept? Un vigneron du cru, Jean-Luc Ducret, a cr\u00e9\u00e9 sur ses terres, <a href=\"https:\/\/www.ovv.ch\/producteurs\/domaine-le-parrain\">Domaine le Parrain<\/a>, un mini-self (l\u00e9gumes, fruits, charcuteries, vin et autres d\u00e9lices) et quelques tables.<\/p>\n\n\n\n<figure class=\"wp-block-image size-large\"><img data-recalc-dims=\"1\" loading=\"lazy\" decoding=\"async\" width=\"580\" height=\"435\" src=\"https:\/\/i0.wp.com\/tcs-vd.ch\/blog\/wp-content\/uploads\/2025\/11\/IMG_5789.jpeg?resize=580%2C435&#038;ssl=1\" alt=\"\" class=\"wp-image-5259\" srcset=\"https:\/\/i0.wp.com\/tcs-vd.ch\/blog\/wp-content\/uploads\/2025\/11\/IMG_5789-scaled.jpeg?resize=1024%2C768&amp;ssl=1 1024w, https:\/\/i0.wp.com\/tcs-vd.ch\/blog\/wp-content\/uploads\/2025\/11\/IMG_5789-scaled.jpeg?resize=300%2C225&amp;ssl=1 300w, https:\/\/i0.wp.com\/tcs-vd.ch\/blog\/wp-content\/uploads\/2025\/11\/IMG_5789-scaled.jpeg?resize=768%2C576&amp;ssl=1 768w, https:\/\/i0.wp.com\/tcs-vd.ch\/blog\/wp-content\/uploads\/2025\/11\/IMG_5789-scaled.jpeg?resize=1536%2C1152&amp;ssl=1 1536w, https:\/\/i0.wp.com\/tcs-vd.ch\/blog\/wp-content\/uploads\/2025\/11\/IMG_5789-scaled.jpeg?resize=2048%2C1536&amp;ssl=1 2048w, https:\/\/i0.wp.com\/tcs-vd.ch\/blog\/wp-content\/uploads\/2025\/11\/IMG_5789-scaled.jpeg?resize=1200%2C900&amp;ssl=1 1200w, https:\/\/i0.wp.com\/tcs-vd.ch\/blog\/wp-content\/uploads\/2025\/11\/IMG_5789-scaled.jpeg?resize=1980%2C1485&amp;ssl=1 1980w, https:\/\/i0.wp.com\/tcs-vd.ch\/blog\/wp-content\/uploads\/2025\/11\/IMG_5789-scaled.jpeg?w=1740&amp;ssl=1 1740w\" sizes=\"auto, (max-width: 580px) 100vw, 580px\" \/><figcaption class=\"wp-element-caption\">La buvette du PEL. De poche, mais de g\u00e9nie, aussi.<\/figcaption><\/figure>\n\n\n\n<p>Sa trouvaille de g\u00e9nie? Une armoire dans laquelle d\u00e9nicher des caquelons \u00e0 fondue, un petit frigo avec des m\u00e9langes de fromages tout pr\u00eats, et un mini-four o\u00f9 cuire le pain pr\u00e9cuit mis \u00e0 disposition.<\/p>\n\n\n\n<figure class=\"wp-block-image size-large\"><img data-recalc-dims=\"1\" loading=\"lazy\" decoding=\"async\" width=\"580\" height=\"773\" src=\"https:\/\/i0.wp.com\/tcs-vd.ch\/blog\/wp-content\/uploads\/2025\/11\/IMG_5791.jpeg?resize=580%2C773&#038;ssl=1\" alt=\"\" class=\"wp-image-5260\" srcset=\"https:\/\/i0.wp.com\/tcs-vd.ch\/blog\/wp-content\/uploads\/2025\/11\/IMG_5791-scaled.jpeg?resize=768%2C1024&amp;ssl=1 768w, https:\/\/i0.wp.com\/tcs-vd.ch\/blog\/wp-content\/uploads\/2025\/11\/IMG_5791-scaled.jpeg?resize=225%2C300&amp;ssl=1 225w, https:\/\/i0.wp.com\/tcs-vd.ch\/blog\/wp-content\/uploads\/2025\/11\/IMG_5791-scaled.jpeg?resize=1152%2C1536&amp;ssl=1 1152w, https:\/\/i0.wp.com\/tcs-vd.ch\/blog\/wp-content\/uploads\/2025\/11\/IMG_5791-scaled.jpeg?resize=1536%2C2048&amp;ssl=1 1536w, https:\/\/i0.wp.com\/tcs-vd.ch\/blog\/wp-content\/uploads\/2025\/11\/IMG_5791-scaled.jpeg?resize=1200%2C1600&amp;ssl=1 1200w, https:\/\/i0.wp.com\/tcs-vd.ch\/blog\/wp-content\/uploads\/2025\/11\/IMG_5791-scaled.jpeg?resize=1980%2C2640&amp;ssl=1 1980w, https:\/\/i0.wp.com\/tcs-vd.ch\/blog\/wp-content\/uploads\/2025\/11\/IMG_5791-scaled.jpeg?w=1920&amp;ssl=1 1920w, https:\/\/i0.wp.com\/tcs-vd.ch\/blog\/wp-content\/uploads\/2025\/11\/IMG_5791-scaled.jpeg?w=1740&amp;ssl=1 1740w\" sizes=\"auto, (max-width: 580px) 100vw, 580px\" \/><figcaption class=\"wp-element-caption\">Popote du PEL. Tout un concept.<\/figcaption><\/figure>\n\n\n\n<p>En somme, de quoi faire une dinette de fondue, id\u00e9alement en final d&rsquo;apoth\u00e9ose apr\u00e8s une balade en boucle, \u00e0 pieds ou en raquette! Plusieurs itin\u00e9raires possibles pour les sportifs.<\/p>\n\n\n\n<p><strong><mark style=\"background-color:#e02862\" class=\"has-inline-color has-background-color\">Y acc\u00e9der:<\/mark><\/strong><\/p>\n\n\n\n<p>Chemin du Sommet 2, 1801 Chardonne.<\/p>\n\n\n\n<h4 class=\"wp-block-heading\"><mark style=\"background-color:rgba(0, 0, 0, 0)\" class=\"has-inline-color has-accent-color\">La printani\u00e8re<\/mark><\/h4>\n\n\n\n<h2 class=\"wp-block-heading\"><mark style=\"background-color:#e02862\" class=\"has-inline-color has-background-color\">L&rsquo;auberge de Sonchaux<\/mark><\/h2>\n\n\n\n<figure class=\"wp-block-image size-large\"><img data-recalc-dims=\"1\" loading=\"lazy\" decoding=\"async\" width=\"580\" height=\"582\" src=\"https:\/\/i0.wp.com\/tcs-vd.ch\/blog\/wp-content\/uploads\/2025\/11\/IMG_5840.jpg?resize=580%2C582&#038;ssl=1\" alt=\"\" class=\"wp-image-5261\" srcset=\"https:\/\/i0.wp.com\/tcs-vd.ch\/blog\/wp-content\/uploads\/2025\/11\/IMG_5840.jpg?resize=1020%2C1024&amp;ssl=1 1020w, https:\/\/i0.wp.com\/tcs-vd.ch\/blog\/wp-content\/uploads\/2025\/11\/IMG_5840.jpg?resize=300%2C300&amp;ssl=1 300w, https:\/\/i0.wp.com\/tcs-vd.ch\/blog\/wp-content\/uploads\/2025\/11\/IMG_5840.jpg?resize=150%2C150&amp;ssl=1 150w, https:\/\/i0.wp.com\/tcs-vd.ch\/blog\/wp-content\/uploads\/2025\/11\/IMG_5840.jpg?resize=768%2C771&amp;ssl=1 768w, https:\/\/i0.wp.com\/tcs-vd.ch\/blog\/wp-content\/uploads\/2025\/11\/IMG_5840.jpg?w=1179&amp;ssl=1 1179w\" sizes=\"auto, (max-width: 580px) 100vw, 580px\" \/><figcaption class=\"wp-element-caption\">A perte de vue, un panorama \u00e0 couper le souffle, \u00e0 savourer en saison, uniquement. Photo: Instagram auberge_de_sonchaux<\/figcaption><\/figure>\n\n\n\n<p>Celle-l\u00e0, il va falloir la d\u00e9sirer. Comme une hirondelle, elle reviendra avec le printemps. Ouverte d&rsquo;avril \u00e0 fin octobre, nich\u00e9e dans les hauteurs, \u00e0 1300 m d&rsquo;altitude entre Villeneuve et Caux sur la commune de Veytaux, cette <a href=\"https:\/\/www.aubergedesonchaux.ch\/\">buvette d&rsquo;alpage<\/a>, avec dortoir, terrasse et place de jeux, offre depuis sa terrasse une vue \u00e0 couper le souffle sur le lac L\u00e9man et la Riviera. En toile de fond, le Grammont et la France voisine. Pour le panorama, y a pas grand monde pour dire \u00abmieux\u00bb!<\/p>\n\n\n\n<p><strong><mark style=\"background-color:#e02862\" class=\"has-inline-color has-background-color\">Y acc\u00e9der:<\/mark><\/strong><\/p>\n\n\n\n<p>Route du Terravet 12, 1820 Veytaux. 021 963 44 67<\/p>\n\n\n\n<p>Le parking est gratuit, mais il ne faut pas se parquer sur la route dans le virage en face de l&rsquo;Auberge.<\/p>\n\n\n\n<h4 class=\"wp-block-heading\"><mark style=\"background-color:rgba(0, 0, 0, 0)\" class=\"has-inline-color has-accent-color\">Le <mark style=\"background-color:rgba(0, 0, 0, 0)\" class=\"has-inline-color has-accent-color\">\u00ab<\/mark>tout ou rien\u00bb<\/mark><\/h4>\n\n\n\n<h2 class=\"wp-block-heading\"><mark style=\"background-color:#e02862\" class=\"has-inline-color has-background-color\">La Dent de Vaulion <\/mark><\/h2>\n\n\n\n<figure class=\"wp-block-image size-large\"><img data-recalc-dims=\"1\" loading=\"lazy\" decoding=\"async\" width=\"580\" height=\"263\" src=\"https:\/\/i0.wp.com\/tcs-vd.ch\/blog\/wp-content\/uploads\/2025\/11\/Capture-decran-2025-11-27-a-23.08.04.png?resize=580%2C263&#038;ssl=1\" alt=\"\" class=\"wp-image-5262\" srcset=\"https:\/\/i0.wp.com\/tcs-vd.ch\/blog\/wp-content\/uploads\/2025\/11\/Capture-decran-2025-11-27-a-23.08.04.png?resize=1024%2C464&amp;ssl=1 1024w, https:\/\/i0.wp.com\/tcs-vd.ch\/blog\/wp-content\/uploads\/2025\/11\/Capture-decran-2025-11-27-a-23.08.04.png?resize=300%2C136&amp;ssl=1 300w, https:\/\/i0.wp.com\/tcs-vd.ch\/blog\/wp-content\/uploads\/2025\/11\/Capture-decran-2025-11-27-a-23.08.04.png?resize=768%2C348&amp;ssl=1 768w, https:\/\/i0.wp.com\/tcs-vd.ch\/blog\/wp-content\/uploads\/2025\/11\/Capture-decran-2025-11-27-a-23.08.04.png?resize=1200%2C543&amp;ssl=1 1200w, https:\/\/i0.wp.com\/tcs-vd.ch\/blog\/wp-content\/uploads\/2025\/11\/Capture-decran-2025-11-27-a-23.08.04.png?w=1528&amp;ssl=1 1528w\" sizes=\"auto, (max-width: 580px) 100vw, 580px\" \/><figcaption class=\"wp-element-caption\">Un banc, des lacs, la vraie vie. Photo: Gr\u00e9goire Chappuis<\/figcaption><\/figure>\n\n\n\n<p>C&rsquo;est le point de vue ultime. Celui de tous les superlatifs. Le frimeur qui ne sait pas s&rsquo;arr\u00eater. <a href=\"https:\/\/www.myvalleedejoux.ch\/fr\/P20206\/dent-de-vaulion\">Le sommet<\/a> de la Vall\u00e9e de Joux domine le village du Pont. Il culmine \u00e0 1\u2019482m d\u2019altitude et c&rsquo;est la signature de toute une r\u00e9gion. De l\u00e0 en haut, lorsque le ciel est d\u00e9gag\u00e9, il est possible d\u2019admirer jusqu\u2019\u00e0 huit lacs distincts: les lacs de Neuch\u00e2tel, Bienne et Morat, le lac L\u00e9man, les lacs Brenet et Ter, le lac de Joux et celui des Rousses en France voisine. Rien que \u00e7a. En guise de chantilly, ce dessert opulent se savoure avec un grand coup d\u2019\u0153il sur la cha\u00eene des Alpes et notamment le massif du Mont-Blanc. En gros, une vue \u00e0 360 degr\u00e9s.<\/p>\n\n\n\n<p><strong><mark style=\"background-color:#e02862\" class=\"has-inline-color has-background-color\">Y acc\u00e9der:<\/mark><\/strong><\/p>\n\n\n\n<p>A pieds, plusieurs options. Le plus connu: une boucle au d\u00e9part du village du Pont, ou du lieu-dit P\u00e9tra-F\u00e9lix, jusqu\u2019au sommet. Ou une \u00e9tape de l\u2019itin\u00e9raire national SuisseMobile n\u00b05 \u00abChemin des Cr\u00eates du Jura\u00bb. En voiture, un acc\u00e8s par une route sans issue m\u00e8ne \u00e9galement \u00e0 la Dent de Vaulion en passant devant l\u2019Auberge du Morez, ouverte toute l\u2019ann\u00e9e, et se termine \u00e0 la Buvette de la Dent de Vaulion. Toutes les infos sur le site www.myvalleedejoux.ch<\/p>\n\n\n\n<h4 class=\"wp-block-heading\"><mark style=\"background-color:rgba(0, 0, 0, 0)\" class=\"has-inline-color has-accent-color\">Le d\u00e9cadent<\/mark><\/h4>\n\n\n\n<h2 class=\"wp-block-heading\"><mark style=\"background-color:#e02862\" class=\"has-inline-color has-background-color\">Domaine Bovy<\/mark><\/h2>\n\n\n\n<figure class=\"wp-block-image size-large\"><img data-recalc-dims=\"1\" loading=\"lazy\" decoding=\"async\" width=\"580\" height=\"387\" src=\"https:\/\/i0.wp.com\/tcs-vd.ch\/blog\/wp-content\/uploads\/2025\/11\/La-Vigne-Swiss-Wine-Therapy-1-Copyright-Switzerland-Tourism-Elena-Schmid.jpg?resize=580%2C387&#038;ssl=1\" alt=\"\" class=\"wp-image-5267\" srcset=\"https:\/\/i0.wp.com\/tcs-vd.ch\/blog\/wp-content\/uploads\/2025\/11\/La-Vigne-Swiss-Wine-Therapy-1-Copyright-Switzerland-Tourism-Elena-Schmid-scaled.jpg?resize=1024%2C683&amp;ssl=1 1024w, https:\/\/i0.wp.com\/tcs-vd.ch\/blog\/wp-content\/uploads\/2025\/11\/La-Vigne-Swiss-Wine-Therapy-1-Copyright-Switzerland-Tourism-Elena-Schmid-scaled.jpg?resize=300%2C200&amp;ssl=1 300w, https:\/\/i0.wp.com\/tcs-vd.ch\/blog\/wp-content\/uploads\/2025\/11\/La-Vigne-Swiss-Wine-Therapy-1-Copyright-Switzerland-Tourism-Elena-Schmid-scaled.jpg?resize=768%2C512&amp;ssl=1 768w, https:\/\/i0.wp.com\/tcs-vd.ch\/blog\/wp-content\/uploads\/2025\/11\/La-Vigne-Swiss-Wine-Therapy-1-Copyright-Switzerland-Tourism-Elena-Schmid-scaled.jpg?resize=1536%2C1024&amp;ssl=1 1536w, https:\/\/i0.wp.com\/tcs-vd.ch\/blog\/wp-content\/uploads\/2025\/11\/La-Vigne-Swiss-Wine-Therapy-1-Copyright-Switzerland-Tourism-Elena-Schmid-scaled.jpg?resize=2048%2C1366&amp;ssl=1 2048w, https:\/\/i0.wp.com\/tcs-vd.ch\/blog\/wp-content\/uploads\/2025\/11\/La-Vigne-Swiss-Wine-Therapy-1-Copyright-Switzerland-Tourism-Elena-Schmid-scaled.jpg?resize=1200%2C800&amp;ssl=1 1200w, https:\/\/i0.wp.com\/tcs-vd.ch\/blog\/wp-content\/uploads\/2025\/11\/La-Vigne-Swiss-Wine-Therapy-1-Copyright-Switzerland-Tourism-Elena-Schmid-scaled.jpg?resize=1980%2C1321&amp;ssl=1 1980w, https:\/\/i0.wp.com\/tcs-vd.ch\/blog\/wp-content\/uploads\/2025\/11\/La-Vigne-Swiss-Wine-Therapy-1-Copyright-Switzerland-Tourism-Elena-Schmid-scaled.jpg?w=1740&amp;ssl=1 1740w\" sizes=\"auto, (max-width: 580px) 100vw, 580px\" \/><figcaption class=\"wp-element-caption\">Une baignoire avec vue pour s\u2019enivrer de bleu. Photo: Switzerland Tourism. Elena Schmid.<\/figcaption><\/figure>\n\n\n\n<p>Donc oui, l\u00e0 on paie. C&rsquo;est que l&rsquo;exp\u00e9rience a le go\u00fbt de la d\u00e9cadence. Elle se savoure comme un p\u00e9ch\u00e9 d\u00e9licieux. Se partage comme un bon vin ou se vit en solitaire, y a pas de mal \u00e0 \u00e7a. Le pitch du <a href=\"https:\/\/domainebovy.ch\/sejour-et-bien-etre\/spa-vinotherapie\/\">Domaine Bovy<\/a>? \u00abLe pop-up spa: une nouvelle exp\u00e9rience de vinoth\u00e9rapie exceptionnelle. Une immersion sensorielle au sein de l\u2019un des plus beaux panoramas du monde. Voil\u00e0 ce que propose l\u2019\u00e9quipe de \u00abLa Vigne\u00bb Swiss Wine Therapy. La beaut\u00e9 de notre paysage, les bienfaits des produits, la qualit\u00e9 des soins et l\u2019excellence des crus du Domaine sont aussi au rendez-vous: c\u2019est la promesse d\u2019une exp\u00e9rience unique!\u00bb&nbsp;\u200b\u200bAu menu de ce traitement royal, uniquement \u00e0 la belle saison (il faudra donc attendre avril), traitements, gommage, enveloppements et massages \u00e0 base des produits de la vigne. Et tout cela commence par une petite marinade dans une baignoire avec vue sur le L\u00e9man. On peut aussi et surtout, terminer de s\u2019enivrer de pareil panorama avec une d\u00e9gustation de seize vins de grande qualit\u00e9 propos\u00e9s par le vigneron-h\u00f4te.<\/p>\n\n\n\n<p><strong><mark style=\"background-color:#e02862\" class=\"has-inline-color has-background-color\">Y acc\u00e9der:<\/mark><\/strong><\/p>\n\n\n\n<p>Vous reconna\u00eetrez la b\u00e2tisse vigneronne du Domaine Bovy par les peintures sign\u00e9es Maurice Bovy sur la fa\u00e7ade (deuxi\u00e8me maison sur la gauche en descendant). Les Fr\u00e8res Bovy, rue du Bourg-de-Pla\u00eet, 1071 Chexbres.<\/p>\n\n\n\n<h4 class=\"wp-block-heading\"><mark style=\"background-color:rgba(0, 0, 0, 0)\" class=\"has-inline-color has-accent-color\">L&rsquo; <mark style=\"background-color:rgba(0, 0, 0, 0)\" class=\"has-inline-color has-accent-color\"><mark style=\"background-color:rgba(0, 0, 0, 0)\" class=\"has-inline-color has-accent-color\">\u00ab<\/mark><\/mark>ami des petits\u00bb<\/mark><\/h4>\n\n\n\n<h2 class=\"wp-block-heading\"><mark style=\"background-color:#e02862\" class=\"has-inline-color has-background-color\">La plage de Lutry<\/mark><\/h2>\n\n\n\n<p>Des plages o\u00f9 on se rince la vue autant que les orteils, les Vaudois en sont riches. Celle-ci \u00e0 mes faveurs. Surtout en hiver, lorsque la foule la boude. Parce que ses galets semblent couler dans l&rsquo;eau cristalline, que les montagnes ont les pieds dans l&rsquo;eau et qu&rsquo;on croit toucher la France d&rsquo;un simple ricochet. Et, les parents de petits humains ne sont que joie \u00e0 l&rsquo;id\u00e9e que leurs cosmonautes emmitoufl\u00e9s pour la toundra du bord du lac puissent jouer librement sur les jeux devant la buvette. Pendant que les marmots gloussent et glissent, les parents eux savourent la vue et la qui\u00e9tude. <\/p>\n\n\n\n<p><strong><mark style=\"background-color:#e02862\" class=\"has-inline-color has-background-color\">Y acc\u00e9der:<\/mark><\/strong><\/p>\n\n\n\n<p>A l&rsquo;extr\u00e9mit\u00e9 est des quais, depuis le bourg. Le bout du monde, mais juste \u00e0 c\u00f4t\u00e9 donc&#8230;<\/p>\n\n\n\n<h4 class=\"wp-block-heading\"><mark style=\"background-color:rgba(0, 0, 0, 0)\" class=\"has-inline-color has-accent-color\">L&rsquo;effet miroir<\/mark><\/h4>\n\n\n\n<h2 class=\"wp-block-heading\"><mark style=\"background-color:#e02862\" class=\"has-inline-color has-background-color\">Le haut du t\u00e9l\u00e9cabine de Thollon les M\u00e9mises<\/mark><\/h2>\n\n\n\n<figure class=\"wp-block-image size-large\"><img data-recalc-dims=\"1\" loading=\"lazy\" decoding=\"async\" width=\"580\" height=\"387\" src=\"https:\/\/i0.wp.com\/tcs-vd.ch\/blog\/wp-content\/uploads\/2025\/11\/paysage_thollon_les_memises_20_janvier_2023_hiver_%C2%A9mathildepruvot_6-1.jpg?resize=580%2C387&#038;ssl=1\" alt=\"\" class=\"wp-image-5271\" srcset=\"https:\/\/i0.wp.com\/tcs-vd.ch\/blog\/wp-content\/uploads\/2025\/11\/paysage_thollon_les_memises_20_janvier_2023_hiver_%C2%A9mathildepruvot_6-1-scaled.jpg?resize=1024%2C683&amp;ssl=1 1024w, https:\/\/i0.wp.com\/tcs-vd.ch\/blog\/wp-content\/uploads\/2025\/11\/paysage_thollon_les_memises_20_janvier_2023_hiver_%C2%A9mathildepruvot_6-1-scaled.jpg?resize=300%2C200&amp;ssl=1 300w, https:\/\/i0.wp.com\/tcs-vd.ch\/blog\/wp-content\/uploads\/2025\/11\/paysage_thollon_les_memises_20_janvier_2023_hiver_%C2%A9mathildepruvot_6-1-scaled.jpg?resize=768%2C512&amp;ssl=1 768w, https:\/\/i0.wp.com\/tcs-vd.ch\/blog\/wp-content\/uploads\/2025\/11\/paysage_thollon_les_memises_20_janvier_2023_hiver_%C2%A9mathildepruvot_6-1-scaled.jpg?resize=1536%2C1024&amp;ssl=1 1536w, https:\/\/i0.wp.com\/tcs-vd.ch\/blog\/wp-content\/uploads\/2025\/11\/paysage_thollon_les_memises_20_janvier_2023_hiver_%C2%A9mathildepruvot_6-1-scaled.jpg?resize=2048%2C1365&amp;ssl=1 2048w, https:\/\/i0.wp.com\/tcs-vd.ch\/blog\/wp-content\/uploads\/2025\/11\/paysage_thollon_les_memises_20_janvier_2023_hiver_%C2%A9mathildepruvot_6-1-scaled.jpg?resize=1200%2C800&amp;ssl=1 1200w, https:\/\/i0.wp.com\/tcs-vd.ch\/blog\/wp-content\/uploads\/2025\/11\/paysage_thollon_les_memises_20_janvier_2023_hiver_%C2%A9mathildepruvot_6-1-scaled.jpg?resize=1980%2C1320&amp;ssl=1 1980w, https:\/\/i0.wp.com\/tcs-vd.ch\/blog\/wp-content\/uploads\/2025\/11\/paysage_thollon_les_memises_20_janvier_2023_hiver_%C2%A9mathildepruvot_6-1-scaled.jpg?w=1740&amp;ssl=1 1740w\" sizes=\"auto, (max-width: 580px) 100vw, 580px\" \/><figcaption class=\"wp-element-caption\">D&rsquo;abord, on vole, ensuite, on plonge! Vue depuis le Pas du L\u00e9man. Photo: Mathilde Pruvot<\/figcaption><\/figure>\n\n\n\n<p>16 pistes entre 1400 et 1974 m\u00e8tres d&rsquo;altitude. Un domaine skiable qui convient aux skieurs de tous niveaux. De quoi contenter tout le monde mais, surtout, la station-village de Thollon Les M\u00e9mises, au c\u0153ur des montagnes surplombant le L\u00e9man, offre l&rsquo;un des plus beaux panoramas sur le lac. Une sorte de r\u00eave bleu o\u00f9 les Helv\u00e8tes passent de l&rsquo;autre c\u00f4t\u00e9 du miroir. A n&rsquo;en pas croire ses mirettes! La t\u00e9l\u00e9cabine de Thollon Les M\u00e9mises relie le village \u00e0 1600 m\u00e8tres d&rsquo;altitude sur la Montagne des M\u00e9mises. D&rsquo;en haut, on admire les parapentistes et les oiseaux, les nuages et l&rsquo;eau en cama\u00efeu de gris-bleu.<\/p>\n\n\n\n<p><strong><mark style=\"background-color:#e02862\" class=\"has-inline-color has-background-color\">Y acc\u00e9der:<\/mark><\/strong><\/p>\n\n\n\n<p>La station se trouve \u00e0 12 kilom\u00e8tres d\u2019\u00c9vian. Sur place, au sommet de la t\u00e9l\u00e9cabine, un observatoire appel\u00e9 le Pas du L\u00e9man vous permet de jouir d&rsquo;une vue exceptionnelle sur le lac. Attention \u00e0 ceux qui ont le vertige, le plancher en caillebotis m\u00e9tallique ajour\u00e9 laisse appara\u00eetre le sol sous la passerelle! <\/p>\n\n\n\n<h4 class=\"wp-block-heading\"><mark style=\"background-color:rgba(0, 0, 0, 0)\" class=\"has-inline-color has-accent-color\">Le vertigineux<\/mark><\/h4>\n\n\n\n<h2 class=\"wp-block-heading\"><mark style=\"background-color:#e02862\" class=\"has-inline-color has-background-color\">Les Rochers de Naye<\/mark><\/h2>\n\n\n\n<figure class=\"wp-block-image size-large\"><img data-recalc-dims=\"1\" loading=\"lazy\" decoding=\"async\" width=\"580\" height=\"387\" src=\"https:\/\/i0.wp.com\/tcs-vd.ch\/blog\/wp-content\/uploads\/2025\/11\/claudia-pop-1BBwdVMkWPM-unsplash.jpg?resize=580%2C387&#038;ssl=1\" alt=\"\" class=\"wp-image-5272\" srcset=\"https:\/\/i0.wp.com\/tcs-vd.ch\/blog\/wp-content\/uploads\/2025\/11\/claudia-pop-1BBwdVMkWPM-unsplash-scaled.jpg?resize=1024%2C683&amp;ssl=1 1024w, https:\/\/i0.wp.com\/tcs-vd.ch\/blog\/wp-content\/uploads\/2025\/11\/claudia-pop-1BBwdVMkWPM-unsplash-scaled.jpg?resize=300%2C200&amp;ssl=1 300w, https:\/\/i0.wp.com\/tcs-vd.ch\/blog\/wp-content\/uploads\/2025\/11\/claudia-pop-1BBwdVMkWPM-unsplash-scaled.jpg?resize=768%2C512&amp;ssl=1 768w, https:\/\/i0.wp.com\/tcs-vd.ch\/blog\/wp-content\/uploads\/2025\/11\/claudia-pop-1BBwdVMkWPM-unsplash-scaled.jpg?resize=1536%2C1024&amp;ssl=1 1536w, https:\/\/i0.wp.com\/tcs-vd.ch\/blog\/wp-content\/uploads\/2025\/11\/claudia-pop-1BBwdVMkWPM-unsplash-scaled.jpg?resize=2048%2C1365&amp;ssl=1 2048w, https:\/\/i0.wp.com\/tcs-vd.ch\/blog\/wp-content\/uploads\/2025\/11\/claudia-pop-1BBwdVMkWPM-unsplash-scaled.jpg?resize=1200%2C800&amp;ssl=1 1200w, https:\/\/i0.wp.com\/tcs-vd.ch\/blog\/wp-content\/uploads\/2025\/11\/claudia-pop-1BBwdVMkWPM-unsplash-scaled.jpg?resize=1980%2C1320&amp;ssl=1 1980w, https:\/\/i0.wp.com\/tcs-vd.ch\/blog\/wp-content\/uploads\/2025\/11\/claudia-pop-1BBwdVMkWPM-unsplash-scaled.jpg?w=1740&amp;ssl=1 1740w\" sizes=\"auto, (max-width: 580px) 100vw, 580px\" \/><figcaption class=\"wp-element-caption\">Et si vous vous preniez pour un milan royal aux Rochers de Naye? Photo: Claudia Pop, Unsplash<\/figcaption><\/figure>\n\n\n\n<p>Bien s\u00fbr vous le connaissez. Ce <a href=\"https:\/\/www.leman-sans-frontiere.org\/equipement\/les-rochers-de-naye-montreux\/\">lieu-l\u00e0<\/a> est embl\u00e9matique. Course d&rsquo;\u00e9cole obligatoire, p\u00e8lerinage en pleine suissitude, carte postale \u00e0 envoyer outre fronti\u00e8res. Mais les Rochers de Naye, ce massif culminant \u00e0 2000 m\u00e8tres, ne pouvaient pas \u00e9chapper \u00e0 ces suggestions de contemplation. En hiver, il para\u00eet que le P\u00e8re No\u00ebl en personne prend ses quartiers sur le sommet culminant \u00e0 2&rsquo;042 m\u00e8tres d\u2019altitude.<\/p>\n\n\n\n<p><strong><mark style=\"background-color:#e02862\" class=\"has-inline-color has-background-color\">Y acc\u00e9der:<\/mark><\/strong><\/p>\n\n\n\n<p>En train \u00e0 cr\u00e9maill\u00e8re, pour multiplier les exp\u00e9riences!Les Rochers de Naye, compagnie du Chemin de fer Montreux Oberland bernois, 021 989 81 90.<\/p>\n\n\n\n<h4 class=\"wp-block-heading\"><mark style=\"background-color:rgba(0, 0, 0, 0)\" class=\"has-inline-color has-accent-color\">Le paisible<\/mark><\/h4>\n\n\n\n<h2 class=\"wp-block-heading\"><mark style=\"background-color:#e02862\" class=\"has-inline-color has-background-color\">Rivaz, deck d&rsquo;observation<\/mark><\/h2>\n\n\n\n<figure class=\"wp-block-image size-large\"><img data-recalc-dims=\"1\" loading=\"lazy\" decoding=\"async\" width=\"580\" height=\"387\" src=\"https:\/\/i0.wp.com\/tcs-vd.ch\/blog\/wp-content\/uploads\/2025\/11\/ba-ju-iH0ZBrIoUOg-unsplash.jpg?resize=580%2C387&#038;ssl=1\" alt=\"\" class=\"wp-image-5285\" srcset=\"https:\/\/i0.wp.com\/tcs-vd.ch\/blog\/wp-content\/uploads\/2025\/11\/ba-ju-iH0ZBrIoUOg-unsplash-scaled.jpg?resize=1024%2C683&amp;ssl=1 1024w, https:\/\/i0.wp.com\/tcs-vd.ch\/blog\/wp-content\/uploads\/2025\/11\/ba-ju-iH0ZBrIoUOg-unsplash-scaled.jpg?resize=300%2C200&amp;ssl=1 300w, https:\/\/i0.wp.com\/tcs-vd.ch\/blog\/wp-content\/uploads\/2025\/11\/ba-ju-iH0ZBrIoUOg-unsplash-scaled.jpg?resize=768%2C513&amp;ssl=1 768w, https:\/\/i0.wp.com\/tcs-vd.ch\/blog\/wp-content\/uploads\/2025\/11\/ba-ju-iH0ZBrIoUOg-unsplash-scaled.jpg?resize=1536%2C1025&amp;ssl=1 1536w, https:\/\/i0.wp.com\/tcs-vd.ch\/blog\/wp-content\/uploads\/2025\/11\/ba-ju-iH0ZBrIoUOg-unsplash-scaled.jpg?resize=2048%2C1367&amp;ssl=1 2048w, https:\/\/i0.wp.com\/tcs-vd.ch\/blog\/wp-content\/uploads\/2025\/11\/ba-ju-iH0ZBrIoUOg-unsplash-scaled.jpg?resize=1200%2C801&amp;ssl=1 1200w, https:\/\/i0.wp.com\/tcs-vd.ch\/blog\/wp-content\/uploads\/2025\/11\/ba-ju-iH0ZBrIoUOg-unsplash-scaled.jpg?resize=1980%2C1321&amp;ssl=1 1980w, https:\/\/i0.wp.com\/tcs-vd.ch\/blog\/wp-content\/uploads\/2025\/11\/ba-ju-iH0ZBrIoUOg-unsplash-scaled.jpg?w=1740&amp;ssl=1 1740w\" sizes=\"auto, (max-width: 580px) 100vw, 580px\" \/><figcaption class=\"wp-element-caption\">Petits chemins de vigne, grand L\u00e9man, Rivaz est un tr\u00e9sor en mati\u00e8re de points de vue d&rsquo;exception. Photo:&nbsp;Ba Ju&nbsp;sur&nbsp;Unsplash<\/figcaption><\/figure>\n\n\n\n<p>Prendre un peu de hauteur, au c\u0153ur des vignes somnolentes cet hiver, et se sentir la reine ou le roi du monde. Ce point de vue dans le village de <a href=\"https:\/\/www.rivaz.ch\/visitez-rivaz-fr3540.html\">Rivaz<\/a>, donne un sentiment de pl\u00e9nitude rare. Pour la petite info sp\u00e9ciale Trivial Pursuit: Rivaz est aujourd&rsquo;hui la seule commune qui se situe dans son int\u00e9gralit\u00e9 dans le p\u00e9rim\u00e8tre de&nbsp;<a href=\"http:\/\/www.lavaux-unesco.ch\/\" target=\"_blank\" rel=\"noreferrer noopener\">\u00ab\u00a0Lavaux, vignoble en terrasses\u00a0\u00bb<\/a>, ce qui en fait un lieu culturel inscrit sur la liste du&nbsp;<a href=\"http:\/\/whc.unesco.org\/fr\/list\/1243\" target=\"_blank\" rel=\"noreferrer noopener\">patrimoine mondial de l&rsquo;UNESCO<\/a>, nous apprend son site internet.<\/p>\n\n\n\n<p><strong><mark style=\"background-color:#e02862\" class=\"has-inline-color has-background-color\">Y acc\u00e9der:<\/mark><\/strong><\/p>\n\n\n\n<p>Chemin de la Plantaz,  1071 Rivaz<\/p>\n","protected":false},"excerpt":{"rendered":"<p>La p\u00e9riode est propice \u00e0 la contemplation et \u00e0 l&rsquo;\u00e9merveillement. Nous vous proposons quelques lieux d&rsquo;exception, po\u00e9tiques, conviviaux, originaux ou ludiques, pour observer le bleu L\u00e9man. Bien s\u00fbr, les points de vue d&rsquo;exception, po\u00e9tiques, conviviaux, originaux ou ludiques, pour observer le bleu L\u00e9man sont multiples. La liste est vaste. Les hauteurs varient et les lumi\u00e8res, [&hellip;]<\/p>\n","protected":false},"author":6,"featured_media":0,"comment_status":"open","ping_status":"open","sticky":false,"template":"","format":"standard","meta":{"jetpack_post_was_ever_published":false,"_jetpack_newsletter_access":"","_jetpack_dont_email_post_to_subs":false,"_jetpack_newsletter_tier_id":0,"_jetpack_memberships_contains_paywalled_content":false,"_jetpack_memberships_contains_paid_content":false,"footnotes":""},"categories":[1],"tags":[],"class_list":["post-5233","post","type-post","status-publish","format-standard","hentry","category-non-classe"],"yoast_head":"<!-- This site is optimized with the Yoast SEO plugin v27.5 - https:\/\/yoast.com\/product\/yoast-seo-wordpress\/ -->\n<title>Vue plongeante sur le L\u00e9man &#8226; \u00e7a roule !<\/title>\n<meta name=\"description\" content=\"Explorez nos lieux favoris pour admirer le bleu L\u00e9man: des points de vue po\u00e9tiques et vari\u00e9s pour contempler la magie du lac.\" \/>\n<meta name=\"robots\" content=\"index, follow, max-snippet:-1, max-image-preview:large, max-video-preview:-1\" \/>\n<link rel=\"canonical\" href=\"https:\/\/tcs-vd.ch\/blog\/2025\/12\/16\/vue-plongeante-sur-le-leman\/\" \/>\n<meta property=\"og:locale\" content=\"fr_FR\" \/>\n<meta property=\"og:type\" content=\"article\" \/>\n<meta property=\"og:title\" content=\"Vue plongeante sur le L\u00e9man &#8226; \u00e7a roule !\" \/>\n<meta property=\"og:description\" content=\"Explorez nos lieux favoris pour admirer le bleu L\u00e9man: des points de vue po\u00e9tiques et vari\u00e9s pour contempler la magie du lac.\" \/>\n<meta property=\"og:url\" content=\"https:\/\/tcs-vd.ch\/blog\/2025\/12\/16\/vue-plongeante-sur-le-leman\/\" \/>\n<meta property=\"og:site_name\" content=\"\u00e7a roule !\" \/>\n<meta property=\"article:publisher\" content=\"https:\/\/www.facebook.com\/TCS.Vaud\/\" \/>\n<meta property=\"article:published_time\" content=\"2025-12-16T08:00:00+00:00\" \/>\n<meta property=\"og:image\" content=\"https:\/\/tcs-vd.ch\/blog\/wp-content\/uploads\/2025\/11\/image00001-1024x768.jpeg\" \/>\n<meta name=\"author\" content=\"Marie Mathyer\" \/>\n<meta name=\"twitter:card\" content=\"summary_large_image\" \/>\n<meta name=\"twitter:label1\" content=\"\u00c9crit par\" \/>\n\t<meta name=\"twitter:data1\" content=\"Marie Mathyer\" \/>\n\t<meta name=\"twitter:label2\" content=\"Dur\u00e9e de lecture estim\u00e9e\" \/>\n\t<meta name=\"twitter:data2\" content=\"12 minutes\" \/>\n<script type=\"application\/ld+json\" class=\"yoast-schema-graph\">{\"@context\":\"https:\\\/\\\/schema.org\",\"@graph\":[{\"@type\":\"Article\",\"@id\":\"https:\\\/\\\/tcs-vd.ch\\\/blog\\\/2025\\\/12\\\/16\\\/vue-plongeante-sur-le-leman\\\/#article\",\"isPartOf\":{\"@id\":\"https:\\\/\\\/tcs-vd.ch\\\/blog\\\/2025\\\/12\\\/16\\\/vue-plongeante-sur-le-leman\\\/\"},\"author\":{\"name\":\"Marie Mathyer\",\"@id\":\"https:\\\/\\\/tcs-vd.ch\\\/blog\\\/#\\\/schema\\\/person\\\/1afe2d25610801f45f2f5a4ab0cc6a21\"},\"headline\":\"Vue plongeante sur le L\u00e9man\",\"datePublished\":\"2025-12-16T08:00:00+00:00\",\"mainEntityOfPage\":{\"@id\":\"https:\\\/\\\/tcs-vd.ch\\\/blog\\\/2025\\\/12\\\/16\\\/vue-plongeante-sur-le-leman\\\/\"},\"wordCount\":1902,\"commentCount\":6,\"publisher\":{\"@id\":\"https:\\\/\\\/tcs-vd.ch\\\/blog\\\/#organization\"},\"image\":{\"@id\":\"https:\\\/\\\/tcs-vd.ch\\\/blog\\\/2025\\\/12\\\/16\\\/vue-plongeante-sur-le-leman\\\/#primaryimage\"},\"thumbnailUrl\":\"https:\\\/\\\/tcs-vd.ch\\\/blog\\\/wp-content\\\/uploads\\\/2025\\\/11\\\/image00001-1024x768.jpeg\",\"inLanguage\":\"fr-FR\",\"potentialAction\":[{\"@type\":\"CommentAction\",\"name\":\"Comment\",\"target\":[\"https:\\\/\\\/tcs-vd.ch\\\/blog\\\/2025\\\/12\\\/16\\\/vue-plongeante-sur-le-leman\\\/#respond\"]}]},{\"@type\":\"WebPage\",\"@id\":\"https:\\\/\\\/tcs-vd.ch\\\/blog\\\/2025\\\/12\\\/16\\\/vue-plongeante-sur-le-leman\\\/\",\"url\":\"https:\\\/\\\/tcs-vd.ch\\\/blog\\\/2025\\\/12\\\/16\\\/vue-plongeante-sur-le-leman\\\/\",\"name\":\"Vue plongeante sur le L\u00e9man &#8226; \u00e7a roule !\",\"isPartOf\":{\"@id\":\"https:\\\/\\\/tcs-vd.ch\\\/blog\\\/#website\"},\"primaryImageOfPage\":{\"@id\":\"https:\\\/\\\/tcs-vd.ch\\\/blog\\\/2025\\\/12\\\/16\\\/vue-plongeante-sur-le-leman\\\/#primaryimage\"},\"image\":{\"@id\":\"https:\\\/\\\/tcs-vd.ch\\\/blog\\\/2025\\\/12\\\/16\\\/vue-plongeante-sur-le-leman\\\/#primaryimage\"},\"thumbnailUrl\":\"https:\\\/\\\/tcs-vd.ch\\\/blog\\\/wp-content\\\/uploads\\\/2025\\\/11\\\/image00001-1024x768.jpeg\",\"datePublished\":\"2025-12-16T08:00:00+00:00\",\"description\":\"Explorez nos lieux favoris pour admirer le bleu L\u00e9man: des points de vue po\u00e9tiques et vari\u00e9s pour contempler la magie du lac.\",\"breadcrumb\":{\"@id\":\"https:\\\/\\\/tcs-vd.ch\\\/blog\\\/2025\\\/12\\\/16\\\/vue-plongeante-sur-le-leman\\\/#breadcrumb\"},\"inLanguage\":\"fr-FR\",\"potentialAction\":[{\"@type\":\"ReadAction\",\"target\":[\"https:\\\/\\\/tcs-vd.ch\\\/blog\\\/2025\\\/12\\\/16\\\/vue-plongeante-sur-le-leman\\\/\"]}]},{\"@type\":\"ImageObject\",\"inLanguage\":\"fr-FR\",\"@id\":\"https:\\\/\\\/tcs-vd.ch\\\/blog\\\/2025\\\/12\\\/16\\\/vue-plongeante-sur-le-leman\\\/#primaryimage\",\"url\":\"https:\\\/\\\/tcs-vd.ch\\\/blog\\\/wp-content\\\/uploads\\\/2025\\\/11\\\/image00001-1024x768.jpeg\",\"contentUrl\":\"https:\\\/\\\/tcs-vd.ch\\\/blog\\\/wp-content\\\/uploads\\\/2025\\\/11\\\/image00001-1024x768.jpeg\"},{\"@type\":\"BreadcrumbList\",\"@id\":\"https:\\\/\\\/tcs-vd.ch\\\/blog\\\/2025\\\/12\\\/16\\\/vue-plongeante-sur-le-leman\\\/#breadcrumb\",\"itemListElement\":[{\"@type\":\"ListItem\",\"position\":1,\"name\":\"Accueil\",\"item\":\"https:\\\/\\\/tcs-vd.ch\\\/blog\\\/\"},{\"@type\":\"ListItem\",\"position\":2,\"name\":\"Vue plongeante sur le L\u00e9man\"}]},{\"@type\":\"WebSite\",\"@id\":\"https:\\\/\\\/tcs-vd.ch\\\/blog\\\/#website\",\"url\":\"https:\\\/\\\/tcs-vd.ch\\\/blog\\\/\",\"name\":\"blog du TCS Vaud\",\"description\":\"Section vaudoise -Blog \",\"publisher\":{\"@id\":\"https:\\\/\\\/tcs-vd.ch\\\/blog\\\/#organization\"},\"potentialAction\":[{\"@type\":\"SearchAction\",\"target\":{\"@type\":\"EntryPoint\",\"urlTemplate\":\"https:\\\/\\\/tcs-vd.ch\\\/blog\\\/?s={search_term_string}\"},\"query-input\":{\"@type\":\"PropertyValueSpecification\",\"valueRequired\":true,\"valueName\":\"search_term_string\"}}],\"inLanguage\":\"fr-FR\"},{\"@type\":\"Organization\",\"@id\":\"https:\\\/\\\/tcs-vd.ch\\\/blog\\\/#organization\",\"name\":\"TCS Vaud\",\"url\":\"https:\\\/\\\/tcs-vd.ch\\\/blog\\\/\",\"logo\":{\"@type\":\"ImageObject\",\"inLanguage\":\"fr-FR\",\"@id\":\"https:\\\/\\\/tcs-vd.ch\\\/blog\\\/#\\\/schema\\\/logo\\\/image\\\/\",\"url\":\"https:\\\/\\\/tcs-vd.ch\\\/blog\\\/wp-content\\\/uploads\\\/2021\\\/08\\\/Blog-TCS-Vaud-1-edited.jpg\",\"contentUrl\":\"https:\\\/\\\/tcs-vd.ch\\\/blog\\\/wp-content\\\/uploads\\\/2021\\\/08\\\/Blog-TCS-Vaud-1-edited.jpg\",\"width\":800,\"height\":534,\"caption\":\"TCS Vaud\"},\"image\":{\"@id\":\"https:\\\/\\\/tcs-vd.ch\\\/blog\\\/#\\\/schema\\\/logo\\\/image\\\/\"},\"sameAs\":[\"https:\\\/\\\/www.facebook.com\\\/TCS.Vaud\\\/\",\"https:\\\/\\\/www.instagram.com\\\/tcssectionvaudoise\",\"https:\\\/\\\/www.linkedin.com\\\/company\\\/tcs-section-vaudoise\"]},{\"@type\":\"Person\",\"@id\":\"https:\\\/\\\/tcs-vd.ch\\\/blog\\\/#\\\/schema\\\/person\\\/1afe2d25610801f45f2f5a4ab0cc6a21\",\"name\":\"Marie Mathyer\",\"image\":{\"@type\":\"ImageObject\",\"inLanguage\":\"fr-FR\",\"@id\":\"https:\\\/\\\/secure.gravatar.com\\\/avatar\\\/a51bdab1acb8b6a6a558e37f57291880cd32ffabc5009dc6c4ba1236a2f4b892?s=96&d=mm&r=g\",\"url\":\"https:\\\/\\\/secure.gravatar.com\\\/avatar\\\/a51bdab1acb8b6a6a558e37f57291880cd32ffabc5009dc6c4ba1236a2f4b892?s=96&d=mm&r=g\",\"contentUrl\":\"https:\\\/\\\/secure.gravatar.com\\\/avatar\\\/a51bdab1acb8b6a6a558e37f57291880cd32ffabc5009dc6c4ba1236a2f4b892?s=96&d=mm&r=g\",\"caption\":\"Marie Mathyer\"},\"url\":\"https:\\\/\\\/tcs-vd.ch\\\/blog\\\/author\\\/marietcs-ch\\\/\"}]}<\/script>\n<!-- \/ Yoast SEO plugin. -->","yoast_head_json":{"title":"Vue plongeante sur le L\u00e9man &#8226; \u00e7a roule !","description":"Explorez nos lieux favoris pour admirer le bleu L\u00e9man: des points de vue po\u00e9tiques et vari\u00e9s pour contempler la magie du lac.","robots":{"index":"index","follow":"follow","max-snippet":"max-snippet:-1","max-image-preview":"max-image-preview:large","max-video-preview":"max-video-preview:-1"},"canonical":"https:\/\/tcs-vd.ch\/blog\/2025\/12\/16\/vue-plongeante-sur-le-leman\/","og_locale":"fr_FR","og_type":"article","og_title":"Vue plongeante sur le L\u00e9man &#8226; \u00e7a roule !","og_description":"Explorez nos lieux favoris pour admirer le bleu L\u00e9man: des points de vue po\u00e9tiques et vari\u00e9s pour contempler la magie du lac.","og_url":"https:\/\/tcs-vd.ch\/blog\/2025\/12\/16\/vue-plongeante-sur-le-leman\/","og_site_name":"\u00e7a roule !","article_publisher":"https:\/\/www.facebook.com\/TCS.Vaud\/","article_published_time":"2025-12-16T08:00:00+00:00","og_image":[{"url":"https:\/\/tcs-vd.ch\/blog\/wp-content\/uploads\/2025\/11\/image00001-1024x768.jpeg","type":"","width":"","height":""}],"author":"Marie Mathyer","twitter_card":"summary_large_image","twitter_misc":{"\u00c9crit par":"Marie Mathyer","Dur\u00e9e de lecture estim\u00e9e":"12 minutes"},"schema":{"@context":"https:\/\/schema.org","@graph":[{"@type":"Article","@id":"https:\/\/tcs-vd.ch\/blog\/2025\/12\/16\/vue-plongeante-sur-le-leman\/#article","isPartOf":{"@id":"https:\/\/tcs-vd.ch\/blog\/2025\/12\/16\/vue-plongeante-sur-le-leman\/"},"author":{"name":"Marie Mathyer","@id":"https:\/\/tcs-vd.ch\/blog\/#\/schema\/person\/1afe2d25610801f45f2f5a4ab0cc6a21"},"headline":"Vue plongeante sur le L\u00e9man","datePublished":"2025-12-16T08:00:00+00:00","mainEntityOfPage":{"@id":"https:\/\/tcs-vd.ch\/blog\/2025\/12\/16\/vue-plongeante-sur-le-leman\/"},"wordCount":1902,"commentCount":6,"publisher":{"@id":"https:\/\/tcs-vd.ch\/blog\/#organization"},"image":{"@id":"https:\/\/tcs-vd.ch\/blog\/2025\/12\/16\/vue-plongeante-sur-le-leman\/#primaryimage"},"thumbnailUrl":"https:\/\/tcs-vd.ch\/blog\/wp-content\/uploads\/2025\/11\/image00001-1024x768.jpeg","inLanguage":"fr-FR","potentialAction":[{"@type":"CommentAction","name":"Comment","target":["https:\/\/tcs-vd.ch\/blog\/2025\/12\/16\/vue-plongeante-sur-le-leman\/#respond"]}]},{"@type":"WebPage","@id":"https:\/\/tcs-vd.ch\/blog\/2025\/12\/16\/vue-plongeante-sur-le-leman\/","url":"https:\/\/tcs-vd.ch\/blog\/2025\/12\/16\/vue-plongeante-sur-le-leman\/","name":"Vue plongeante sur le L\u00e9man &#8226; \u00e7a roule !","isPartOf":{"@id":"https:\/\/tcs-vd.ch\/blog\/#website"},"primaryImageOfPage":{"@id":"https:\/\/tcs-vd.ch\/blog\/2025\/12\/16\/vue-plongeante-sur-le-leman\/#primaryimage"},"image":{"@id":"https:\/\/tcs-vd.ch\/blog\/2025\/12\/16\/vue-plongeante-sur-le-leman\/#primaryimage"},"thumbnailUrl":"https:\/\/tcs-vd.ch\/blog\/wp-content\/uploads\/2025\/11\/image00001-1024x768.jpeg","datePublished":"2025-12-16T08:00:00+00:00","description":"Explorez nos lieux favoris pour admirer le bleu L\u00e9man: des points de vue po\u00e9tiques et vari\u00e9s pour contempler la magie du lac.","breadcrumb":{"@id":"https:\/\/tcs-vd.ch\/blog\/2025\/12\/16\/vue-plongeante-sur-le-leman\/#breadcrumb"},"inLanguage":"fr-FR","potentialAction":[{"@type":"ReadAction","target":["https:\/\/tcs-vd.ch\/blog\/2025\/12\/16\/vue-plongeante-sur-le-leman\/"]}]},{"@type":"ImageObject","inLanguage":"fr-FR","@id":"https:\/\/tcs-vd.ch\/blog\/2025\/12\/16\/vue-plongeante-sur-le-leman\/#primaryimage","url":"https:\/\/tcs-vd.ch\/blog\/wp-content\/uploads\/2025\/11\/image00001-1024x768.jpeg","contentUrl":"https:\/\/tcs-vd.ch\/blog\/wp-content\/uploads\/2025\/11\/image00001-1024x768.jpeg"},{"@type":"BreadcrumbList","@id":"https:\/\/tcs-vd.ch\/blog\/2025\/12\/16\/vue-plongeante-sur-le-leman\/#breadcrumb","itemListElement":[{"@type":"ListItem","position":1,"name":"Accueil","item":"https:\/\/tcs-vd.ch\/blog\/"},{"@type":"ListItem","position":2,"name":"Vue plongeante sur le L\u00e9man"}]},{"@type":"WebSite","@id":"https:\/\/tcs-vd.ch\/blog\/#website","url":"https:\/\/tcs-vd.ch\/blog\/","name":"blog du TCS Vaud","description":"Section vaudoise -Blog ","publisher":{"@id":"https:\/\/tcs-vd.ch\/blog\/#organization"},"potentialAction":[{"@type":"SearchAction","target":{"@type":"EntryPoint","urlTemplate":"https:\/\/tcs-vd.ch\/blog\/?s={search_term_string}"},"query-input":{"@type":"PropertyValueSpecification","valueRequired":true,"valueName":"search_term_string"}}],"inLanguage":"fr-FR"},{"@type":"Organization","@id":"https:\/\/tcs-vd.ch\/blog\/#organization","name":"TCS Vaud","url":"https:\/\/tcs-vd.ch\/blog\/","logo":{"@type":"ImageObject","inLanguage":"fr-FR","@id":"https:\/\/tcs-vd.ch\/blog\/#\/schema\/logo\/image\/","url":"https:\/\/tcs-vd.ch\/blog\/wp-content\/uploads\/2021\/08\/Blog-TCS-Vaud-1-edited.jpg","contentUrl":"https:\/\/tcs-vd.ch\/blog\/wp-content\/uploads\/2021\/08\/Blog-TCS-Vaud-1-edited.jpg","width":800,"height":534,"caption":"TCS Vaud"},"image":{"@id":"https:\/\/tcs-vd.ch\/blog\/#\/schema\/logo\/image\/"},"sameAs":["https:\/\/www.facebook.com\/TCS.Vaud\/","https:\/\/www.instagram.com\/tcssectionvaudoise","https:\/\/www.linkedin.com\/company\/tcs-section-vaudoise"]},{"@type":"Person","@id":"https:\/\/tcs-vd.ch\/blog\/#\/schema\/person\/1afe2d25610801f45f2f5a4ab0cc6a21","name":"Marie Mathyer","image":{"@type":"ImageObject","inLanguage":"fr-FR","@id":"https:\/\/secure.gravatar.com\/avatar\/a51bdab1acb8b6a6a558e37f57291880cd32ffabc5009dc6c4ba1236a2f4b892?s=96&d=mm&r=g","url":"https:\/\/secure.gravatar.com\/avatar\/a51bdab1acb8b6a6a558e37f57291880cd32ffabc5009dc6c4ba1236a2f4b892?s=96&d=mm&r=g","contentUrl":"https:\/\/secure.gravatar.com\/avatar\/a51bdab1acb8b6a6a558e37f57291880cd32ffabc5009dc6c4ba1236a2f4b892?s=96&d=mm&r=g","caption":"Marie Mathyer"},"url":"https:\/\/tcs-vd.ch\/blog\/author\/marietcs-ch\/"}]}},"jetpack_featured_media_url":"","jetpack_sharing_enabled":true,"_links":{"self":[{"href":"https:\/\/tcs-vd.ch\/blog\/wp-json\/wp\/v2\/posts\/5233","targetHints":{"allow":["GET"]}}],"collection":[{"href":"https:\/\/tcs-vd.ch\/blog\/wp-json\/wp\/v2\/posts"}],"about":[{"href":"https:\/\/tcs-vd.ch\/blog\/wp-json\/wp\/v2\/types\/post"}],"author":[{"embeddable":true,"href":"https:\/\/tcs-vd.ch\/blog\/wp-json\/wp\/v2\/users\/6"}],"replies":[{"embeddable":true,"href":"https:\/\/tcs-vd.ch\/blog\/wp-json\/wp\/v2\/comments?post=5233"}],"version-history":[{"count":13,"href":"https:\/\/tcs-vd.ch\/blog\/wp-json\/wp\/v2\/posts\/5233\/revisions"}],"predecessor-version":[{"id":5302,"href":"https:\/\/tcs-vd.ch\/blog\/wp-json\/wp\/v2\/posts\/5233\/revisions\/5302"}],"wp:attachment":[{"href":"https:\/\/tcs-vd.ch\/blog\/wp-json\/wp\/v2\/media?parent=5233"}],"wp:term":[{"taxonomy":"category","embeddable":true,"href":"https:\/\/tcs-vd.ch\/blog\/wp-json\/wp\/v2\/categories?post=5233"},{"taxonomy":"post_tag","embeddable":true,"href":"https:\/\/tcs-vd.ch\/blog\/wp-json\/wp\/v2\/tags?post=5233"}],"curies":[{"name":"wp","href":"https:\/\/api.w.org\/{rel}","templated":true}]}}