{"id":5181,"date":"2025-11-24T14:26:19","date_gmt":"2025-11-24T13:26:19","guid":{"rendered":"https:\/\/tcs-vd.ch\/blog\/?p=5181"},"modified":"2025-12-04T09:35:54","modified_gmt":"2025-12-04T08:35:54","slug":"voeux","status":"publish","type":"post","link":"https:\/\/tcs-vd.ch\/blog\/2025\/11\/24\/voeux\/","title":{"rendered":"Joyeuses f\u00eates de fin d&rsquo;ann\u00e9e!"},"content":{"rendered":"\n<p><\/p>\n\n\n\n<figure class=\"wp-block-video alignwide\"><video autoplay controls loop muted src=\"https:\/\/tcs-vd.ch\/blog\/wp-content\/uploads\/2025\/11\/Voeux-2026_v2.mp4\" playsinline><\/video><\/figure>\n\n\n\n<p><strong>Ch\u00e8res membres, chers partenaires et amis de la Section vaudoise du TCS,<\/strong><\/p>\n\n\n\n<p>Alors que s\u2019ach\u00e8ve cette ann\u00e9e riche en projets, nous vous adressons nos remerciements les plus chaleureux pour votre engagement, votre confiance et votre fid\u00e9lit\u00e9.<\/p>\n\n\n\n<p>\u2728 <strong>Nous vous souhaitons de tr\u00e8s belles f\u00eates de fin d\u2019ann\u00e9e et une ann\u00e9e 2026 pleine d\u2019\u00e9nergie, de r\u00e9ussites et de belles collaborations.<\/strong><\/p>\n","protected":false},"excerpt":{"rendered":"<p>Ch\u00e8res membres, chers partenaires et amis de la Section vaudoise du TCS, Alors que s\u2019ach\u00e8ve cette ann\u00e9e riche en projets, nous vous adressons nos remerciements les plus chaleureux pour votre engagement, votre confiance et votre fid\u00e9lit\u00e9. \u2728 Nous vous souhaitons de tr\u00e8s belles f\u00eates de fin d\u2019ann\u00e9e et une ann\u00e9e 2026 pleine d\u2019\u00e9nergie, de r\u00e9ussites [&hellip;]<\/p>\n","protected":false},"author":7,"featured_media":0,"comment_status":"open","ping_status":"open","sticky":false,"template":"","format":"standard","meta":{"jetpack_post_was_ever_published":true,"_jetpack_newsletter_access":"","_jetpack_dont_email_post_to_subs":false,"_jetpack_newsletter_tier_id":0,"_jetpack_memberships_contains_paywalled_content":false,"_jetpack_memberships_contains_paid_content":false,"footnotes":""},"categories":[1],"tags":[],"class_list":["post-5181","post","type-post","status-publish","format-standard","hentry","category-non-classe"],"yoast_head":"<!-- This site is optimized with the Yoast SEO plugin v27.5 - https:\/\/yoast.com\/product\/yoast-seo-wordpress\/ -->\n<title>Joyeuses f\u00eates de fin d&#039;ann\u00e9e! &#8226; \u00e7a roule !<\/title>\n<meta name=\"description\" content=\"Les collaborateurs de la Section vaudoise du TCS vous souhaite de tr\u00e8s joyeuses f\u00eates de fin d&#039;ann\u00e9e et leurs meilleurs v\u0153ux pour 2026.\" \/>\n<meta name=\"robots\" content=\"index, follow, max-snippet:-1, max-image-preview:large, max-video-preview:-1\" \/>\n<link rel=\"canonical\" href=\"https:\/\/tcs-vd.ch\/blog\/2025\/11\/24\/voeux\/\" \/>\n<meta property=\"og:locale\" content=\"fr_FR\" \/>\n<meta property=\"og:type\" content=\"article\" \/>\n<meta property=\"og:title\" content=\"Joyeuses f\u00eates de fin d&#039;ann\u00e9e! &#8226; \u00e7a roule !\" \/>\n<meta property=\"og:description\" content=\"Les collaborateurs de la Section vaudoise du TCS vous souhaite de tr\u00e8s joyeuses f\u00eates de fin d&#039;ann\u00e9e et leurs meilleurs v\u0153ux pour 2026.\" \/>\n<meta property=\"og:url\" content=\"https:\/\/tcs-vd.ch\/blog\/2025\/11\/24\/voeux\/\" \/>\n<meta property=\"og:site_name\" content=\"\u00e7a roule !\" \/>\n<meta property=\"article:publisher\" content=\"https:\/\/www.facebook.com\/TCS.Vaud\/\" \/>\n<meta property=\"article:published_time\" content=\"2025-11-24T13:26:19+00:00\" \/>\n<meta property=\"article:modified_time\" content=\"2025-12-04T08:35:54+00:00\" \/>\n<meta name=\"author\" content=\"Delphine Buchilly\" \/>\n<meta name=\"twitter:card\" content=\"summary_large_image\" \/>\n<meta name=\"twitter:label1\" content=\"\u00c9crit par\" \/>\n\t<meta name=\"twitter:data1\" content=\"Delphine Buchilly\" \/>\n\t<meta name=\"twitter:label2\" content=\"Dur\u00e9e de lecture estim\u00e9e\" \/>\n\t<meta name=\"twitter:data2\" content=\"1 minute\" \/>\n<script type=\"application\/ld+json\" class=\"yoast-schema-graph\">{\"@context\":\"https:\\\/\\\/schema.org\",\"@graph\":[{\"@type\":\"Article\",\"@id\":\"https:\\\/\\\/tcs-vd.ch\\\/blog\\\/2025\\\/11\\\/24\\\/voeux\\\/#article\",\"isPartOf\":{\"@id\":\"https:\\\/\\\/tcs-vd.ch\\\/blog\\\/2025\\\/11\\\/24\\\/voeux\\\/\"},\"author\":{\"name\":\"Delphine Buchilly\",\"@id\":\"https:\\\/\\\/tcs-vd.ch\\\/blog\\\/#\\\/schema\\\/person\\\/bee3d3f947d6f69dd5e25fa4495e4902\"},\"headline\":\"Joyeuses f\u00eates de fin d&rsquo;ann\u00e9e!\",\"datePublished\":\"2025-11-24T13:26:19+00:00\",\"dateModified\":\"2025-12-04T08:35:54+00:00\",\"mainEntityOfPage\":{\"@id\":\"https:\\\/\\\/tcs-vd.ch\\\/blog\\\/2025\\\/11\\\/24\\\/voeux\\\/\"},\"wordCount\":77,\"commentCount\":2,\"publisher\":{\"@id\":\"https:\\\/\\\/tcs-vd.ch\\\/blog\\\/#organization\"},\"inLanguage\":\"fr-FR\",\"potentialAction\":[{\"@type\":\"CommentAction\",\"name\":\"Comment\",\"target\":[\"https:\\\/\\\/tcs-vd.ch\\\/blog\\\/2025\\\/11\\\/24\\\/voeux\\\/#respond\"]}]},{\"@type\":\"WebPage\",\"@id\":\"https:\\\/\\\/tcs-vd.ch\\\/blog\\\/2025\\\/11\\\/24\\\/voeux\\\/\",\"url\":\"https:\\\/\\\/tcs-vd.ch\\\/blog\\\/2025\\\/11\\\/24\\\/voeux\\\/\",\"name\":\"Joyeuses f\u00eates de fin d'ann\u00e9e! &#8226; \u00e7a roule !\",\"isPartOf\":{\"@id\":\"https:\\\/\\\/tcs-vd.ch\\\/blog\\\/#website\"},\"datePublished\":\"2025-11-24T13:26:19+00:00\",\"dateModified\":\"2025-12-04T08:35:54+00:00\",\"description\":\"Les collaborateurs de la Section vaudoise du TCS vous souhaite de tr\u00e8s joyeuses f\u00eates de fin d'ann\u00e9e et leurs meilleurs v\u0153ux pour 2026.\",\"breadcrumb\":{\"@id\":\"https:\\\/\\\/tcs-vd.ch\\\/blog\\\/2025\\\/11\\\/24\\\/voeux\\\/#breadcrumb\"},\"inLanguage\":\"fr-FR\",\"potentialAction\":[{\"@type\":\"ReadAction\",\"target\":[\"https:\\\/\\\/tcs-vd.ch\\\/blog\\\/2025\\\/11\\\/24\\\/voeux\\\/\"]}]},{\"@type\":\"BreadcrumbList\",\"@id\":\"https:\\\/\\\/tcs-vd.ch\\\/blog\\\/2025\\\/11\\\/24\\\/voeux\\\/#breadcrumb\",\"itemListElement\":[{\"@type\":\"ListItem\",\"position\":1,\"name\":\"Accueil\",\"item\":\"https:\\\/\\\/tcs-vd.ch\\\/blog\\\/\"},{\"@type\":\"ListItem\",\"position\":2,\"name\":\"Joyeuses f\u00eates de fin d&rsquo;ann\u00e9e!\"}]},{\"@type\":\"WebSite\",\"@id\":\"https:\\\/\\\/tcs-vd.ch\\\/blog\\\/#website\",\"url\":\"https:\\\/\\\/tcs-vd.ch\\\/blog\\\/\",\"name\":\"blog du TCS Vaud\",\"description\":\"Section vaudoise -Blog \",\"publisher\":{\"@id\":\"https:\\\/\\\/tcs-vd.ch\\\/blog\\\/#organization\"},\"potentialAction\":[{\"@type\":\"SearchAction\",\"target\":{\"@type\":\"EntryPoint\",\"urlTemplate\":\"https:\\\/\\\/tcs-vd.ch\\\/blog\\\/?s={search_term_string}\"},\"query-input\":{\"@type\":\"PropertyValueSpecification\",\"valueRequired\":true,\"valueName\":\"search_term_string\"}}],\"inLanguage\":\"fr-FR\"},{\"@type\":\"Organization\",\"@id\":\"https:\\\/\\\/tcs-vd.ch\\\/blog\\\/#organization\",\"name\":\"TCS Vaud\",\"url\":\"https:\\\/\\\/tcs-vd.ch\\\/blog\\\/\",\"logo\":{\"@type\":\"ImageObject\",\"inLanguage\":\"fr-FR\",\"@id\":\"https:\\\/\\\/tcs-vd.ch\\\/blog\\\/#\\\/schema\\\/logo\\\/image\\\/\",\"url\":\"https:\\\/\\\/tcs-vd.ch\\\/blog\\\/wp-content\\\/uploads\\\/2021\\\/08\\\/Blog-TCS-Vaud-1-edited.jpg\",\"contentUrl\":\"https:\\\/\\\/tcs-vd.ch\\\/blog\\\/wp-content\\\/uploads\\\/2021\\\/08\\\/Blog-TCS-Vaud-1-edited.jpg\",\"width\":800,\"height\":534,\"caption\":\"TCS Vaud\"},\"image\":{\"@id\":\"https:\\\/\\\/tcs-vd.ch\\\/blog\\\/#\\\/schema\\\/logo\\\/image\\\/\"},\"sameAs\":[\"https:\\\/\\\/www.facebook.com\\\/TCS.Vaud\\\/\",\"https:\\\/\\\/www.instagram.com\\\/tcssectionvaudoise\",\"https:\\\/\\\/www.linkedin.com\\\/company\\\/tcs-section-vaudoise\"]},{\"@type\":\"Person\",\"@id\":\"https:\\\/\\\/tcs-vd.ch\\\/blog\\\/#\\\/schema\\\/person\\\/bee3d3f947d6f69dd5e25fa4495e4902\",\"name\":\"Delphine Buchilly\",\"image\":{\"@type\":\"ImageObject\",\"inLanguage\":\"fr-FR\",\"@id\":\"https:\\\/\\\/secure.gravatar.com\\\/avatar\\\/75e73e27e005e3af19906272f7c9316e2407af8167364bd4cf79659f1ea3484e?s=96&d=mm&r=g\",\"url\":\"https:\\\/\\\/secure.gravatar.com\\\/avatar\\\/75e73e27e005e3af19906272f7c9316e2407af8167364bd4cf79659f1ea3484e?s=96&d=mm&r=g\",\"contentUrl\":\"https:\\\/\\\/secure.gravatar.com\\\/avatar\\\/75e73e27e005e3af19906272f7c9316e2407af8167364bd4cf79659f1ea3484e?s=96&d=mm&r=g\",\"caption\":\"Delphine Buchilly\"},\"url\":\"https:\\\/\\\/tcs-vd.ch\\\/blog\\\/author\\\/delphine\\\/\"}]}<\/script>\n<!-- \/ Yoast SEO plugin. -->","yoast_head_json":{"title":"Joyeuses f\u00eates de fin d'ann\u00e9e! &#8226; \u00e7a roule !","description":"Les collaborateurs de la Section vaudoise du TCS vous souhaite de tr\u00e8s joyeuses f\u00eates de fin d'ann\u00e9e et leurs meilleurs v\u0153ux pour 2026.","robots":{"index":"index","follow":"follow","max-snippet":"max-snippet:-1","max-image-preview":"max-image-preview:large","max-video-preview":"max-video-preview:-1"},"canonical":"https:\/\/tcs-vd.ch\/blog\/2025\/11\/24\/voeux\/","og_locale":"fr_FR","og_type":"article","og_title":"Joyeuses f\u00eates de fin d'ann\u00e9e! &#8226; \u00e7a roule !","og_description":"Les collaborateurs de la Section vaudoise du TCS vous souhaite de tr\u00e8s joyeuses f\u00eates de fin d'ann\u00e9e et leurs meilleurs v\u0153ux pour 2026.","og_url":"https:\/\/tcs-vd.ch\/blog\/2025\/11\/24\/voeux\/","og_site_name":"\u00e7a roule !","article_publisher":"https:\/\/www.facebook.com\/TCS.Vaud\/","article_published_time":"2025-11-24T13:26:19+00:00","article_modified_time":"2025-12-04T08:35:54+00:00","author":"Delphine Buchilly","twitter_card":"summary_large_image","twitter_misc":{"\u00c9crit par":"Delphine Buchilly","Dur\u00e9e de lecture estim\u00e9e":"1 minute"},"schema":{"@context":"https:\/\/schema.org","@graph":[{"@type":"Article","@id":"https:\/\/tcs-vd.ch\/blog\/2025\/11\/24\/voeux\/#article","isPartOf":{"@id":"https:\/\/tcs-vd.ch\/blog\/2025\/11\/24\/voeux\/"},"author":{"name":"Delphine Buchilly","@id":"https:\/\/tcs-vd.ch\/blog\/#\/schema\/person\/bee3d3f947d6f69dd5e25fa4495e4902"},"headline":"Joyeuses f\u00eates de fin d&rsquo;ann\u00e9e!","datePublished":"2025-11-24T13:26:19+00:00","dateModified":"2025-12-04T08:35:54+00:00","mainEntityOfPage":{"@id":"https:\/\/tcs-vd.ch\/blog\/2025\/11\/24\/voeux\/"},"wordCount":77,"commentCount":2,"publisher":{"@id":"https:\/\/tcs-vd.ch\/blog\/#organization"},"inLanguage":"fr-FR","potentialAction":[{"@type":"CommentAction","name":"Comment","target":["https:\/\/tcs-vd.ch\/blog\/2025\/11\/24\/voeux\/#respond"]}]},{"@type":"WebPage","@id":"https:\/\/tcs-vd.ch\/blog\/2025\/11\/24\/voeux\/","url":"https:\/\/tcs-vd.ch\/blog\/2025\/11\/24\/voeux\/","name":"Joyeuses f\u00eates de fin d'ann\u00e9e! &#8226; \u00e7a roule !","isPartOf":{"@id":"https:\/\/tcs-vd.ch\/blog\/#website"},"datePublished":"2025-11-24T13:26:19+00:00","dateModified":"2025-12-04T08:35:54+00:00","description":"Les collaborateurs de la Section vaudoise du TCS vous souhaite de tr\u00e8s joyeuses f\u00eates de fin d'ann\u00e9e et leurs meilleurs v\u0153ux pour 2026.","breadcrumb":{"@id":"https:\/\/tcs-vd.ch\/blog\/2025\/11\/24\/voeux\/#breadcrumb"},"inLanguage":"fr-FR","potentialAction":[{"@type":"ReadAction","target":["https:\/\/tcs-vd.ch\/blog\/2025\/11\/24\/voeux\/"]}]},{"@type":"BreadcrumbList","@id":"https:\/\/tcs-vd.ch\/blog\/2025\/11\/24\/voeux\/#breadcrumb","itemListElement":[{"@type":"ListItem","position":1,"name":"Accueil","item":"https:\/\/tcs-vd.ch\/blog\/"},{"@type":"ListItem","position":2,"name":"Joyeuses f\u00eates de fin d&rsquo;ann\u00e9e!"}]},{"@type":"WebSite","@id":"https:\/\/tcs-vd.ch\/blog\/#website","url":"https:\/\/tcs-vd.ch\/blog\/","name":"blog du TCS Vaud","description":"Section vaudoise -Blog ","publisher":{"@id":"https:\/\/tcs-vd.ch\/blog\/#organization"},"potentialAction":[{"@type":"SearchAction","target":{"@type":"EntryPoint","urlTemplate":"https:\/\/tcs-vd.ch\/blog\/?s={search_term_string}"},"query-input":{"@type":"PropertyValueSpecification","valueRequired":true,"valueName":"search_term_string"}}],"inLanguage":"fr-FR"},{"@type":"Organization","@id":"https:\/\/tcs-vd.ch\/blog\/#organization","name":"TCS Vaud","url":"https:\/\/tcs-vd.ch\/blog\/","logo":{"@type":"ImageObject","inLanguage":"fr-FR","@id":"https:\/\/tcs-vd.ch\/blog\/#\/schema\/logo\/image\/","url":"https:\/\/tcs-vd.ch\/blog\/wp-content\/uploads\/2021\/08\/Blog-TCS-Vaud-1-edited.jpg","contentUrl":"https:\/\/tcs-vd.ch\/blog\/wp-content\/uploads\/2021\/08\/Blog-TCS-Vaud-1-edited.jpg","width":800,"height":534,"caption":"TCS Vaud"},"image":{"@id":"https:\/\/tcs-vd.ch\/blog\/#\/schema\/logo\/image\/"},"sameAs":["https:\/\/www.facebook.com\/TCS.Vaud\/","https:\/\/www.instagram.com\/tcssectionvaudoise","https:\/\/www.linkedin.com\/company\/tcs-section-vaudoise"]},{"@type":"Person","@id":"https:\/\/tcs-vd.ch\/blog\/#\/schema\/person\/bee3d3f947d6f69dd5e25fa4495e4902","name":"Delphine Buchilly","image":{"@type":"ImageObject","inLanguage":"fr-FR","@id":"https:\/\/secure.gravatar.com\/avatar\/75e73e27e005e3af19906272f7c9316e2407af8167364bd4cf79659f1ea3484e?s=96&d=mm&r=g","url":"https:\/\/secure.gravatar.com\/avatar\/75e73e27e005e3af19906272f7c9316e2407af8167364bd4cf79659f1ea3484e?s=96&d=mm&r=g","contentUrl":"https:\/\/secure.gravatar.com\/avatar\/75e73e27e005e3af19906272f7c9316e2407af8167364bd4cf79659f1ea3484e?s=96&d=mm&r=g","caption":"Delphine Buchilly"},"url":"https:\/\/tcs-vd.ch\/blog\/author\/delphine\/"}]}},"jetpack_featured_media_url":"","jetpack_sharing_enabled":true,"_links":{"self":[{"href":"https:\/\/tcs-vd.ch\/blog\/wp-json\/wp\/v2\/posts\/5181","targetHints":{"allow":["GET"]}}],"collection":[{"href":"https:\/\/tcs-vd.ch\/blog\/wp-json\/wp\/v2\/posts"}],"about":[{"href":"https:\/\/tcs-vd.ch\/blog\/wp-json\/wp\/v2\/types\/post"}],"author":[{"embeddable":true,"href":"https:\/\/tcs-vd.ch\/blog\/wp-json\/wp\/v2\/users\/7"}],"replies":[{"embeddable":true,"href":"https:\/\/tcs-vd.ch\/blog\/wp-json\/wp\/v2\/comments?post=5181"}],"version-history":[{"count":8,"href":"https:\/\/tcs-vd.ch\/blog\/wp-json\/wp\/v2\/posts\/5181\/revisions"}],"predecessor-version":[{"id":5283,"href":"https:\/\/tcs-vd.ch\/blog\/wp-json\/wp\/v2\/posts\/5181\/revisions\/5283"}],"wp:attachment":[{"href":"https:\/\/tcs-vd.ch\/blog\/wp-json\/wp\/v2\/media?parent=5181"}],"wp:term":[{"taxonomy":"category","embeddable":true,"href":"https:\/\/tcs-vd.ch\/blog\/wp-json\/wp\/v2\/categories?post=5181"},{"taxonomy":"post_tag","embeddable":true,"href":"https:\/\/tcs-vd.ch\/blog\/wp-json\/wp\/v2\/tags?post=5181"}],"curies":[{"name":"wp","href":"https:\/\/api.w.org\/{rel}","templated":true}]}}