{"id":2184,"date":"2022-09-26T15:00:00","date_gmt":"2022-09-26T13:00:00","guid":{"rendered":"https:\/\/tcs-vd.ch\/blog\/?p=2184"},"modified":"2022-09-28T07:58:25","modified_gmt":"2022-09-28T05:58:25","slug":"reseau-bornes-de-recharge","status":"publish","type":"post","link":"https:\/\/tcs-vd.ch\/blog\/2022\/09\/26\/reseau-bornes-de-recharge\/","title":{"rendered":"Les bornes de recharge: un r\u00e9seau en \u00e9volution"},"content":{"rendered":"\n<div class=\"wp-block-media-text alignwide is-stacked-on-mobile is-vertically-aligned-center\"><figure class=\"wp-block-media-text__media\"><img data-recalc-dims=\"1\" loading=\"lazy\" decoding=\"async\" width=\"580\" height=\"387\" src=\"https:\/\/i0.wp.com\/tcs-vd.ch\/blog\/wp-content\/uploads\/2022\/09\/Recharge-BEV-2.jpg?resize=580%2C387&#038;ssl=1\" alt=\"\" class=\"wp-image-2192 size-full\" srcset=\"https:\/\/i0.wp.com\/tcs-vd.ch\/blog\/wp-content\/uploads\/2022\/09\/Recharge-BEV-2-scaled.jpg?resize=1024%2C683&amp;ssl=1 1024w, https:\/\/i0.wp.com\/tcs-vd.ch\/blog\/wp-content\/uploads\/2022\/09\/Recharge-BEV-2-scaled.jpg?resize=300%2C200&amp;ssl=1 300w, https:\/\/i0.wp.com\/tcs-vd.ch\/blog\/wp-content\/uploads\/2022\/09\/Recharge-BEV-2-scaled.jpg?resize=768%2C512&amp;ssl=1 768w, https:\/\/i0.wp.com\/tcs-vd.ch\/blog\/wp-content\/uploads\/2022\/09\/Recharge-BEV-2-scaled.jpg?resize=1536%2C1024&amp;ssl=1 1536w, https:\/\/i0.wp.com\/tcs-vd.ch\/blog\/wp-content\/uploads\/2022\/09\/Recharge-BEV-2-scaled.jpg?resize=2048%2C1365&amp;ssl=1 2048w, https:\/\/i0.wp.com\/tcs-vd.ch\/blog\/wp-content\/uploads\/2022\/09\/Recharge-BEV-2-scaled.jpg?resize=1200%2C800&amp;ssl=1 1200w, https:\/\/i0.wp.com\/tcs-vd.ch\/blog\/wp-content\/uploads\/2022\/09\/Recharge-BEV-2-scaled.jpg?resize=1980%2C1320&amp;ssl=1 1980w, https:\/\/i0.wp.com\/tcs-vd.ch\/blog\/wp-content\/uploads\/2022\/09\/Recharge-BEV-2-scaled.jpg?w=1740&amp;ssl=1 1740w\" sizes=\"auto, (max-width: 580px) 100vw, 580px\" \/><\/figure><div class=\"wp-block-media-text__content\">\n<h3 class=\"has-accent-color has-text-color has-larger-font-size wp-block-heading\"><mark style=\"background-color:rgba(0, 0, 0, 0)\" class=\"has-inline-color has-accent-color\">Avec le boom des voitures \u00e9lectriques ou hybrides rechargeables, le r\u00e9seau des bornes de recharge va devoir s&rsquo;\u00e9tendre. Point de situation. <\/mark><\/h3>\n<\/div><\/div>\n\n\n\n<h2 class=\"wp-block-heading\"><strong>Dans notre pays<\/strong><\/h2>\n\n\n\n<p>En Suisse, les bornes de recharge \u00e0 domicile ne sont pas encore la norme partout. <strong>Le r\u00e9seau public est sollicit\u00e9 \u00e0 hauteur de 20 % par les propri\u00e9taires de v\u00e9hicules \u00e9lectriques. <\/strong><\/p>\n\n\n\n<p>On trouve g\u00e9n\u00e9ralement deux possibilit\u00e9s: payer plus et recharger vite, ou recharger moins vite et payer moins cher. <\/p>\n\n\n\n<p>Le TCS offre la possibilit\u00e9 d&rsquo;installer une borne de recharge \u00e0 domicile. Nous avons r\u00e9colt\u00e9 le t\u00e9moignage de l&rsquo;un des premiers clients.<\/p>\n\n\n\n<p>Lien vers le <a href=\"https:\/\/issuu.com\/tcsvaud\/docs\/1022_vd_high\/12\" target=\"_blank\" rel=\"noreferrer noopener\">t\u00e9moignage de M. Pillioud<\/a> paru dans notre journal papier.<\/p>\n\n\n\n<p><strong>Actuellement, 18 op\u00e9rateurs sont sur le march\u00e9.<\/strong> Le r\u00e9seau evpass exploite 1702 bornes de recharge \u00e0 travers le pays, ce qui en fait le leader du classement.<\/p>\n\n\n\n<p>Visionnez le r\u00e9seau evpass <a href=\"https:\/\/www.evpass.ch\/map\/?LanguageCode=fr\">ici<\/a>.<\/p>\n\n\n\n<p><\/p>\n\n\n\n<h2 class=\"wp-block-heading\">Suffisant selon les normes EU<\/h2>\n\n\n\n<p><strong>L&rsquo;Union europ\u00e9enne a \u00e9tabli qu&rsquo;un r\u00e9seau efficace est compos\u00e9 d&rsquo;au moins une borne pour 10 v\u00e9hicules \u00e9lectriques. <\/strong>On souligne que c&rsquo;est le cas en Suisse: les derniers chiffres font \u00e9tat de 1,7 borne \u00e0 disposition pour 10 v\u00e9hicules tout-\u00e9lectriques. Cependant, le r\u00e9seau de charge est en constante \u00e9volution. Cela s&rsquo;explique bien s\u00fbr par l&rsquo;augmentation sur la route de v\u00e9hicules \u00e9lectriques et hybrides rechargeables.<\/p>\n\n\n\n<p>Les exploitants de stations de recharge, SuisseEnergie, l&rsquo;Office f\u00e9d\u00e9ral de l\u2019\u00e9nergie (OFEN) et swisstopo ont \u00e9labor\u00e9 une Infrastructure nationale de donn\u00e9es. On peut voir en temps r\u00e9el sur l&rsquo;application <a href=\"https:\/\/tcs-vd.ch\/blog\/wp-admin\/post.php?post=2184&amp;action=edit\" target=\"_blank\" rel=\"noreferrer noopener\">je-recharge-mon-auto.ch<\/a> quelles stations de recharge sont disponibles.<\/p>\n\n\n\n<p><\/p>\n\n\n\n<h2 class=\"wp-block-heading\"><strong>Les formules pour bien recharger<\/strong><\/h2>\n\n\n\n<p><strong>Le TCS a mis au point une formule pour d\u00e9terminer la quantit\u00e9 \u00e9nerg\u00e9tique n\u00e9cessaire \u00e0 la recharge:<\/strong><\/p>\n\n\n\n<p>km \u00e0 parcourir \u00e0 diviser par 5 = recharge souhait\u00e9e en kW\/h<\/p>\n\n\n\n<p><strong>dur\u00e9e de la recharge:<\/strong><\/p>\n\n\n\n<p>recharge souhait\u00e9e \u00e0 diviser par la capacit\u00e9 de charge = dur\u00e9e de la recharge en heures. Le kWh \u00e9tant diviser par kW = heures.<\/p>\n\n\n\n<p><\/p>\n\n\n\n<h2 class=\"wp-block-heading\">En Suisse et dans le canton de Vaud<\/h2>\n\n\n\n<p>En mai dernier, l&rsquo;Association des entreprises \u00e9lectriques suisses a sign\u00e9 <a href=\"https:\/\/www.strom.ch\/fr\/actualites\/feuille-de-route-mobilite-electrique-2025-laes-soutient-les-objectifs-et-presente-son?news_type=1\" target=\"_blank\" rel=\"noreferrer noopener\">la feuille de route mobilit\u00e9 \u00e9lectrique 2025<\/a>, en pr\u00e9sence de la ministre des transports Simonetta Sommaruga et de la cinquantaine de parties prenantes. <strong>On y lit que d&rsquo;ici 3 ans, les v\u00e9hicules \u00e9lectriques doivent repr\u00e9senter 50 % des nouvelles immatriculations.<\/strong> Encore faut-il que le besoins en bornes de recharge suivent: <strong>la feuille de route fixe un objectif de 20 000 bornes d&rsquo;ici \u00e0 2025. <\/strong><\/p>\n\n\n\n<p><strong>Dans le canton de Vaud, la Direction de l\u2019\u00e9nergie (DGE-DIREN) du Canton de Vaud est en train de b\u00e2tir une strat\u00e9gie d\u2019\u00e9lectrification de la mobilit\u00e9 individuelle, afin d\u2019acc\u00e9l\u00e9rer l\u2019augmentation de la part des&nbsp; v\u00e9hicules \u00e9lectriques au sein du parc automobile vaudois.<\/strong> Cette strat\u00e9gie fait partie de la Conception cantonale de l\u2019\u00e9nergie (CoCEn 2019) et du Plan climat vaudois. A noter qu&rsquo;un plan de mesures en fait partie. Cela concerne aussi les subventions pour l\u2019infrastructure de recharge, indique le D\u00e9partement sur son site Internet. <\/p>\n\n\n\n<p>Lien vers la page internet du Canton de Vaud <a href=\"https:\/\/www.vd.ch\/themes\/environnement\/energie\/mobilite-electrique\/#c2053938\" target=\"_blank\" rel=\"noreferrer noopener\">Mobilit\u00e9 \u00e9lectrique<\/a>.<\/p>\n\n\n\n<p><\/p>\n\n\n\n<p class=\"has-text-align-right\"><\/p>\n","protected":false},"excerpt":{"rendered":"<p>Avec le boom des voitures \u00e9lectriques ou hybrides rechargeables, le r\u00e9seau des bornes de recharge va devoir s&rsquo;\u00e9tendre. Point de situation. Dans notre pays En Suisse, les bornes de recharge \u00e0 domicile ne sont pas encore la norme partout. Le r\u00e9seau public est sollicit\u00e9 \u00e0 hauteur de 20 % par les propri\u00e9taires de v\u00e9hicules \u00e9lectriques. [&hellip;]<\/p>\n","protected":false},"author":4,"featured_media":0,"comment_status":"open","ping_status":"open","sticky":false,"template":"","format":"standard","meta":{"jetpack_post_was_ever_published":false,"_jetpack_newsletter_access":"","_jetpack_dont_email_post_to_subs":false,"_jetpack_newsletter_tier_id":0,"_jetpack_memberships_contains_paywalled_content":false,"_jetpack_memberships_contains_paid_content":false,"footnotes":""},"categories":[6,9,10],"tags":[],"class_list":["post-2184","post","type-post","status-publish","format-standard","hentry","category-mobilite","category-politique","category-tendance"],"yoast_head":"<!-- This site is optimized with the Yoast SEO plugin v27.5 - https:\/\/yoast.com\/product\/yoast-seo-wordpress\/ -->\n<title>\u00e7a roule ! &#8226; Les bornes de recharge: un r\u00e9seau en \u00e9volution<\/title>\n<meta name=\"description\" content=\"Avec le boom des voitures \u00e9lectriques ou hybrides rechargeables, le r\u00e9seau des bornes de recharge va devoir s&#039;\u00e9tendre.\" \/>\n<meta name=\"robots\" content=\"index, follow, max-snippet:-1, max-image-preview:large, max-video-preview:-1\" \/>\n<link rel=\"canonical\" href=\"https:\/\/tcs-vd.ch\/blog\/2022\/09\/26\/reseau-bornes-de-recharge\/\" \/>\n<meta property=\"og:locale\" content=\"fr_FR\" \/>\n<meta property=\"og:type\" content=\"article\" \/>\n<meta property=\"og:title\" content=\"\u00e7a roule ! &#8226; Les bornes de recharge: un r\u00e9seau en \u00e9volution\" \/>\n<meta property=\"og:description\" content=\"Avec le boom des voitures \u00e9lectriques ou hybrides rechargeables, le r\u00e9seau des bornes de recharge va devoir s&#039;\u00e9tendre.\" \/>\n<meta property=\"og:url\" content=\"https:\/\/tcs-vd.ch\/blog\/2022\/09\/26\/reseau-bornes-de-recharge\/\" \/>\n<meta property=\"og:site_name\" content=\"\u00e7a roule !\" \/>\n<meta property=\"article:publisher\" content=\"https:\/\/www.facebook.com\/TCS.Vaud\/\" \/>\n<meta property=\"article:published_time\" content=\"2022-09-26T13:00:00+00:00\" \/>\n<meta property=\"article:modified_time\" content=\"2022-09-28T05:58:25+00:00\" \/>\n<meta property=\"og:image\" content=\"https:\/\/tcs-vd.ch\/blog\/wp-content\/uploads\/2022\/09\/Recharge-BEV-2-1024x683.jpg\" \/>\n<meta name=\"author\" content=\"H\u00e9l\u00e8ne Isoz\" \/>\n<meta name=\"twitter:card\" content=\"summary_large_image\" \/>\n<meta name=\"twitter:label1\" content=\"\u00c9crit par\" \/>\n\t<meta name=\"twitter:data1\" content=\"H\u00e9l\u00e8ne Isoz\" \/>\n\t<meta name=\"twitter:label2\" content=\"Dur\u00e9e de lecture estim\u00e9e\" \/>\n\t<meta name=\"twitter:data2\" content=\"3 minutes\" \/>\n<script type=\"application\/ld+json\" class=\"yoast-schema-graph\">{\"@context\":\"https:\\\/\\\/schema.org\",\"@graph\":[{\"@type\":\"Article\",\"@id\":\"https:\\\/\\\/tcs-vd.ch\\\/blog\\\/2022\\\/09\\\/26\\\/reseau-bornes-de-recharge\\\/#article\",\"isPartOf\":{\"@id\":\"https:\\\/\\\/tcs-vd.ch\\\/blog\\\/2022\\\/09\\\/26\\\/reseau-bornes-de-recharge\\\/\"},\"author\":{\"name\":\"H\u00e9l\u00e8ne Isoz\",\"@id\":\"https:\\\/\\\/tcs-vd.ch\\\/blog\\\/#\\\/schema\\\/person\\\/05a6a2d1d05449dc5b8196492ea5429e\"},\"headline\":\"Les bornes de recharge: un r\u00e9seau en \u00e9volution\",\"datePublished\":\"2022-09-26T13:00:00+00:00\",\"dateModified\":\"2022-09-28T05:58:25+00:00\",\"mainEntityOfPage\":{\"@id\":\"https:\\\/\\\/tcs-vd.ch\\\/blog\\\/2022\\\/09\\\/26\\\/reseau-bornes-de-recharge\\\/\"},\"wordCount\":528,\"commentCount\":0,\"publisher\":{\"@id\":\"https:\\\/\\\/tcs-vd.ch\\\/blog\\\/#organization\"},\"image\":{\"@id\":\"https:\\\/\\\/tcs-vd.ch\\\/blog\\\/2022\\\/09\\\/26\\\/reseau-bornes-de-recharge\\\/#primaryimage\"},\"thumbnailUrl\":\"https:\\\/\\\/tcs-vd.ch\\\/blog\\\/wp-content\\\/uploads\\\/2022\\\/09\\\/Recharge-BEV-2-1024x683.jpg\",\"articleSection\":[\"Mobilit\u00e9\",\"Politique\",\"Tendance\"],\"inLanguage\":\"fr-FR\",\"potentialAction\":[{\"@type\":\"CommentAction\",\"name\":\"Comment\",\"target\":[\"https:\\\/\\\/tcs-vd.ch\\\/blog\\\/2022\\\/09\\\/26\\\/reseau-bornes-de-recharge\\\/#respond\"]}]},{\"@type\":\"WebPage\",\"@id\":\"https:\\\/\\\/tcs-vd.ch\\\/blog\\\/2022\\\/09\\\/26\\\/reseau-bornes-de-recharge\\\/\",\"url\":\"https:\\\/\\\/tcs-vd.ch\\\/blog\\\/2022\\\/09\\\/26\\\/reseau-bornes-de-recharge\\\/\",\"name\":\"\u00e7a roule ! &#8226; Les bornes de recharge: un r\u00e9seau en \u00e9volution\",\"isPartOf\":{\"@id\":\"https:\\\/\\\/tcs-vd.ch\\\/blog\\\/#website\"},\"primaryImageOfPage\":{\"@id\":\"https:\\\/\\\/tcs-vd.ch\\\/blog\\\/2022\\\/09\\\/26\\\/reseau-bornes-de-recharge\\\/#primaryimage\"},\"image\":{\"@id\":\"https:\\\/\\\/tcs-vd.ch\\\/blog\\\/2022\\\/09\\\/26\\\/reseau-bornes-de-recharge\\\/#primaryimage\"},\"thumbnailUrl\":\"https:\\\/\\\/tcs-vd.ch\\\/blog\\\/wp-content\\\/uploads\\\/2022\\\/09\\\/Recharge-BEV-2-1024x683.jpg\",\"datePublished\":\"2022-09-26T13:00:00+00:00\",\"dateModified\":\"2022-09-28T05:58:25+00:00\",\"description\":\"Avec le boom des voitures \u00e9lectriques ou hybrides rechargeables, le r\u00e9seau des bornes de recharge va devoir s'\u00e9tendre.\",\"breadcrumb\":{\"@id\":\"https:\\\/\\\/tcs-vd.ch\\\/blog\\\/2022\\\/09\\\/26\\\/reseau-bornes-de-recharge\\\/#breadcrumb\"},\"inLanguage\":\"fr-FR\",\"potentialAction\":[{\"@type\":\"ReadAction\",\"target\":[\"https:\\\/\\\/tcs-vd.ch\\\/blog\\\/2022\\\/09\\\/26\\\/reseau-bornes-de-recharge\\\/\"]}]},{\"@type\":\"ImageObject\",\"inLanguage\":\"fr-FR\",\"@id\":\"https:\\\/\\\/tcs-vd.ch\\\/blog\\\/2022\\\/09\\\/26\\\/reseau-bornes-de-recharge\\\/#primaryimage\",\"url\":\"https:\\\/\\\/i0.wp.com\\\/tcs-vd.ch\\\/blog\\\/wp-content\\\/uploads\\\/2022\\\/09\\\/Recharge-BEV-2-scaled.jpg?fit=2560%2C1707&ssl=1\",\"contentUrl\":\"https:\\\/\\\/i0.wp.com\\\/tcs-vd.ch\\\/blog\\\/wp-content\\\/uploads\\\/2022\\\/09\\\/Recharge-BEV-2-scaled.jpg?fit=2560%2C1707&ssl=1\",\"width\":2560,\"height\":1707},{\"@type\":\"BreadcrumbList\",\"@id\":\"https:\\\/\\\/tcs-vd.ch\\\/blog\\\/2022\\\/09\\\/26\\\/reseau-bornes-de-recharge\\\/#breadcrumb\",\"itemListElement\":[{\"@type\":\"ListItem\",\"position\":1,\"name\":\"Accueil\",\"item\":\"https:\\\/\\\/tcs-vd.ch\\\/blog\\\/\"},{\"@type\":\"ListItem\",\"position\":2,\"name\":\"Les bornes de recharge: un r\u00e9seau en \u00e9volution\"}]},{\"@type\":\"WebSite\",\"@id\":\"https:\\\/\\\/tcs-vd.ch\\\/blog\\\/#website\",\"url\":\"https:\\\/\\\/tcs-vd.ch\\\/blog\\\/\",\"name\":\"blog du TCS Vaud\",\"description\":\"Section vaudoise -Blog \",\"publisher\":{\"@id\":\"https:\\\/\\\/tcs-vd.ch\\\/blog\\\/#organization\"},\"potentialAction\":[{\"@type\":\"SearchAction\",\"target\":{\"@type\":\"EntryPoint\",\"urlTemplate\":\"https:\\\/\\\/tcs-vd.ch\\\/blog\\\/?s={search_term_string}\"},\"query-input\":{\"@type\":\"PropertyValueSpecification\",\"valueRequired\":true,\"valueName\":\"search_term_string\"}}],\"inLanguage\":\"fr-FR\"},{\"@type\":\"Organization\",\"@id\":\"https:\\\/\\\/tcs-vd.ch\\\/blog\\\/#organization\",\"name\":\"TCS Vaud\",\"url\":\"https:\\\/\\\/tcs-vd.ch\\\/blog\\\/\",\"logo\":{\"@type\":\"ImageObject\",\"inLanguage\":\"fr-FR\",\"@id\":\"https:\\\/\\\/tcs-vd.ch\\\/blog\\\/#\\\/schema\\\/logo\\\/image\\\/\",\"url\":\"https:\\\/\\\/tcs-vd.ch\\\/blog\\\/wp-content\\\/uploads\\\/2021\\\/08\\\/Blog-TCS-Vaud-1-edited.jpg\",\"contentUrl\":\"https:\\\/\\\/tcs-vd.ch\\\/blog\\\/wp-content\\\/uploads\\\/2021\\\/08\\\/Blog-TCS-Vaud-1-edited.jpg\",\"width\":800,\"height\":534,\"caption\":\"TCS Vaud\"},\"image\":{\"@id\":\"https:\\\/\\\/tcs-vd.ch\\\/blog\\\/#\\\/schema\\\/logo\\\/image\\\/\"},\"sameAs\":[\"https:\\\/\\\/www.facebook.com\\\/TCS.Vaud\\\/\",\"https:\\\/\\\/www.instagram.com\\\/tcssectionvaudoise\",\"https:\\\/\\\/www.linkedin.com\\\/company\\\/tcs-section-vaudoise\"]},{\"@type\":\"Person\",\"@id\":\"https:\\\/\\\/tcs-vd.ch\\\/blog\\\/#\\\/schema\\\/person\\\/05a6a2d1d05449dc5b8196492ea5429e\",\"name\":\"H\u00e9l\u00e8ne Isoz\",\"image\":{\"@type\":\"ImageObject\",\"inLanguage\":\"fr-FR\",\"@id\":\"https:\\\/\\\/secure.gravatar.com\\\/avatar\\\/5623182aa1a837f66d52e7f476f5e3f187fd57ceb738849f8da8e6aa6e777ecd?s=96&d=mm&r=g\",\"url\":\"https:\\\/\\\/secure.gravatar.com\\\/avatar\\\/5623182aa1a837f66d52e7f476f5e3f187fd57ceb738849f8da8e6aa6e777ecd?s=96&d=mm&r=g\",\"contentUrl\":\"https:\\\/\\\/secure.gravatar.com\\\/avatar\\\/5623182aa1a837f66d52e7f476f5e3f187fd57ceb738849f8da8e6aa6e777ecd?s=96&d=mm&r=g\",\"caption\":\"H\u00e9l\u00e8ne Isoz\"},\"sameAs\":[\"https:\\\/\\\/www.tcs-vd.ch\\\/blog\"],\"url\":\"https:\\\/\\\/tcs-vd.ch\\\/blog\\\/author\\\/helene\\\/\"}]}<\/script>\n<!-- \/ Yoast SEO plugin. -->","yoast_head_json":{"title":"\u00e7a roule ! &#8226; Les bornes de recharge: un r\u00e9seau en \u00e9volution","description":"Avec le boom des voitures \u00e9lectriques ou hybrides rechargeables, le r\u00e9seau des bornes de recharge va devoir s'\u00e9tendre.","robots":{"index":"index","follow":"follow","max-snippet":"max-snippet:-1","max-image-preview":"max-image-preview:large","max-video-preview":"max-video-preview:-1"},"canonical":"https:\/\/tcs-vd.ch\/blog\/2022\/09\/26\/reseau-bornes-de-recharge\/","og_locale":"fr_FR","og_type":"article","og_title":"\u00e7a roule ! &#8226; Les bornes de recharge: un r\u00e9seau en \u00e9volution","og_description":"Avec le boom des voitures \u00e9lectriques ou hybrides rechargeables, le r\u00e9seau des bornes de recharge va devoir s'\u00e9tendre.","og_url":"https:\/\/tcs-vd.ch\/blog\/2022\/09\/26\/reseau-bornes-de-recharge\/","og_site_name":"\u00e7a roule !","article_publisher":"https:\/\/www.facebook.com\/TCS.Vaud\/","article_published_time":"2022-09-26T13:00:00+00:00","article_modified_time":"2022-09-28T05:58:25+00:00","og_image":[{"url":"https:\/\/tcs-vd.ch\/blog\/wp-content\/uploads\/2022\/09\/Recharge-BEV-2-1024x683.jpg","type":"","width":"","height":""}],"author":"H\u00e9l\u00e8ne Isoz","twitter_card":"summary_large_image","twitter_misc":{"\u00c9crit par":"H\u00e9l\u00e8ne Isoz","Dur\u00e9e de lecture estim\u00e9e":"3 minutes"},"schema":{"@context":"https:\/\/schema.org","@graph":[{"@type":"Article","@id":"https:\/\/tcs-vd.ch\/blog\/2022\/09\/26\/reseau-bornes-de-recharge\/#article","isPartOf":{"@id":"https:\/\/tcs-vd.ch\/blog\/2022\/09\/26\/reseau-bornes-de-recharge\/"},"author":{"name":"H\u00e9l\u00e8ne Isoz","@id":"https:\/\/tcs-vd.ch\/blog\/#\/schema\/person\/05a6a2d1d05449dc5b8196492ea5429e"},"headline":"Les bornes de recharge: un r\u00e9seau en \u00e9volution","datePublished":"2022-09-26T13:00:00+00:00","dateModified":"2022-09-28T05:58:25+00:00","mainEntityOfPage":{"@id":"https:\/\/tcs-vd.ch\/blog\/2022\/09\/26\/reseau-bornes-de-recharge\/"},"wordCount":528,"commentCount":0,"publisher":{"@id":"https:\/\/tcs-vd.ch\/blog\/#organization"},"image":{"@id":"https:\/\/tcs-vd.ch\/blog\/2022\/09\/26\/reseau-bornes-de-recharge\/#primaryimage"},"thumbnailUrl":"https:\/\/tcs-vd.ch\/blog\/wp-content\/uploads\/2022\/09\/Recharge-BEV-2-1024x683.jpg","articleSection":["Mobilit\u00e9","Politique","Tendance"],"inLanguage":"fr-FR","potentialAction":[{"@type":"CommentAction","name":"Comment","target":["https:\/\/tcs-vd.ch\/blog\/2022\/09\/26\/reseau-bornes-de-recharge\/#respond"]}]},{"@type":"WebPage","@id":"https:\/\/tcs-vd.ch\/blog\/2022\/09\/26\/reseau-bornes-de-recharge\/","url":"https:\/\/tcs-vd.ch\/blog\/2022\/09\/26\/reseau-bornes-de-recharge\/","name":"\u00e7a roule ! &#8226; Les bornes de recharge: un r\u00e9seau en \u00e9volution","isPartOf":{"@id":"https:\/\/tcs-vd.ch\/blog\/#website"},"primaryImageOfPage":{"@id":"https:\/\/tcs-vd.ch\/blog\/2022\/09\/26\/reseau-bornes-de-recharge\/#primaryimage"},"image":{"@id":"https:\/\/tcs-vd.ch\/blog\/2022\/09\/26\/reseau-bornes-de-recharge\/#primaryimage"},"thumbnailUrl":"https:\/\/tcs-vd.ch\/blog\/wp-content\/uploads\/2022\/09\/Recharge-BEV-2-1024x683.jpg","datePublished":"2022-09-26T13:00:00+00:00","dateModified":"2022-09-28T05:58:25+00:00","description":"Avec le boom des voitures \u00e9lectriques ou hybrides rechargeables, le r\u00e9seau des bornes de recharge va devoir s'\u00e9tendre.","breadcrumb":{"@id":"https:\/\/tcs-vd.ch\/blog\/2022\/09\/26\/reseau-bornes-de-recharge\/#breadcrumb"},"inLanguage":"fr-FR","potentialAction":[{"@type":"ReadAction","target":["https:\/\/tcs-vd.ch\/blog\/2022\/09\/26\/reseau-bornes-de-recharge\/"]}]},{"@type":"ImageObject","inLanguage":"fr-FR","@id":"https:\/\/tcs-vd.ch\/blog\/2022\/09\/26\/reseau-bornes-de-recharge\/#primaryimage","url":"https:\/\/i0.wp.com\/tcs-vd.ch\/blog\/wp-content\/uploads\/2022\/09\/Recharge-BEV-2-scaled.jpg?fit=2560%2C1707&ssl=1","contentUrl":"https:\/\/i0.wp.com\/tcs-vd.ch\/blog\/wp-content\/uploads\/2022\/09\/Recharge-BEV-2-scaled.jpg?fit=2560%2C1707&ssl=1","width":2560,"height":1707},{"@type":"BreadcrumbList","@id":"https:\/\/tcs-vd.ch\/blog\/2022\/09\/26\/reseau-bornes-de-recharge\/#breadcrumb","itemListElement":[{"@type":"ListItem","position":1,"name":"Accueil","item":"https:\/\/tcs-vd.ch\/blog\/"},{"@type":"ListItem","position":2,"name":"Les bornes de recharge: un r\u00e9seau en \u00e9volution"}]},{"@type":"WebSite","@id":"https:\/\/tcs-vd.ch\/blog\/#website","url":"https:\/\/tcs-vd.ch\/blog\/","name":"blog du TCS Vaud","description":"Section vaudoise -Blog ","publisher":{"@id":"https:\/\/tcs-vd.ch\/blog\/#organization"},"potentialAction":[{"@type":"SearchAction","target":{"@type":"EntryPoint","urlTemplate":"https:\/\/tcs-vd.ch\/blog\/?s={search_term_string}"},"query-input":{"@type":"PropertyValueSpecification","valueRequired":true,"valueName":"search_term_string"}}],"inLanguage":"fr-FR"},{"@type":"Organization","@id":"https:\/\/tcs-vd.ch\/blog\/#organization","name":"TCS Vaud","url":"https:\/\/tcs-vd.ch\/blog\/","logo":{"@type":"ImageObject","inLanguage":"fr-FR","@id":"https:\/\/tcs-vd.ch\/blog\/#\/schema\/logo\/image\/","url":"https:\/\/tcs-vd.ch\/blog\/wp-content\/uploads\/2021\/08\/Blog-TCS-Vaud-1-edited.jpg","contentUrl":"https:\/\/tcs-vd.ch\/blog\/wp-content\/uploads\/2021\/08\/Blog-TCS-Vaud-1-edited.jpg","width":800,"height":534,"caption":"TCS Vaud"},"image":{"@id":"https:\/\/tcs-vd.ch\/blog\/#\/schema\/logo\/image\/"},"sameAs":["https:\/\/www.facebook.com\/TCS.Vaud\/","https:\/\/www.instagram.com\/tcssectionvaudoise","https:\/\/www.linkedin.com\/company\/tcs-section-vaudoise"]},{"@type":"Person","@id":"https:\/\/tcs-vd.ch\/blog\/#\/schema\/person\/05a6a2d1d05449dc5b8196492ea5429e","name":"H\u00e9l\u00e8ne Isoz","image":{"@type":"ImageObject","inLanguage":"fr-FR","@id":"https:\/\/secure.gravatar.com\/avatar\/5623182aa1a837f66d52e7f476f5e3f187fd57ceb738849f8da8e6aa6e777ecd?s=96&d=mm&r=g","url":"https:\/\/secure.gravatar.com\/avatar\/5623182aa1a837f66d52e7f476f5e3f187fd57ceb738849f8da8e6aa6e777ecd?s=96&d=mm&r=g","contentUrl":"https:\/\/secure.gravatar.com\/avatar\/5623182aa1a837f66d52e7f476f5e3f187fd57ceb738849f8da8e6aa6e777ecd?s=96&d=mm&r=g","caption":"H\u00e9l\u00e8ne Isoz"},"sameAs":["https:\/\/www.tcs-vd.ch\/blog"],"url":"https:\/\/tcs-vd.ch\/blog\/author\/helene\/"}]}},"jetpack_featured_media_url":"","jetpack_sharing_enabled":true,"_links":{"self":[{"href":"https:\/\/tcs-vd.ch\/blog\/wp-json\/wp\/v2\/posts\/2184","targetHints":{"allow":["GET"]}}],"collection":[{"href":"https:\/\/tcs-vd.ch\/blog\/wp-json\/wp\/v2\/posts"}],"about":[{"href":"https:\/\/tcs-vd.ch\/blog\/wp-json\/wp\/v2\/types\/post"}],"author":[{"embeddable":true,"href":"https:\/\/tcs-vd.ch\/blog\/wp-json\/wp\/v2\/users\/4"}],"replies":[{"embeddable":true,"href":"https:\/\/tcs-vd.ch\/blog\/wp-json\/wp\/v2\/comments?post=2184"}],"version-history":[{"count":22,"href":"https:\/\/tcs-vd.ch\/blog\/wp-json\/wp\/v2\/posts\/2184\/revisions"}],"predecessor-version":[{"id":2326,"href":"https:\/\/tcs-vd.ch\/blog\/wp-json\/wp\/v2\/posts\/2184\/revisions\/2326"}],"wp:attachment":[{"href":"https:\/\/tcs-vd.ch\/blog\/wp-json\/wp\/v2\/media?parent=2184"}],"wp:term":[{"taxonomy":"category","embeddable":true,"href":"https:\/\/tcs-vd.ch\/blog\/wp-json\/wp\/v2\/categories?post=2184"},{"taxonomy":"post_tag","embeddable":true,"href":"https:\/\/tcs-vd.ch\/blog\/wp-json\/wp\/v2\/tags?post=2184"}],"curies":[{"name":"wp","href":"https:\/\/api.w.org\/{rel}","templated":true}]}}